{"id":25660,"date":"2020-10-03T14:27:37","date_gmt":"2020-10-03T13:27:37","guid":{"rendered":"https:\/\/coueron-st-symphorien.fr\/?p=25660"},"modified":"2020-10-03T14:27:37","modified_gmt":"2020-10-03T13:27:37","slug":"election-des-delegues-4","status":"publish","type":"post","link":"https:\/\/coueron-st-symphorien.fr\/?p=25660","title":{"rendered":"Election des d\u00e9l\u00e9gu\u00e9s"},"content":{"rendered":"<p>L&rsquo;\u00e9lection des d\u00e9l\u00e9gu\u00e9s a eu lieu le mardi 29 septembre dans la salle polyvalente. Les \u00e9l\u00e8ves ont vot\u00e9 aux c\u00f4t\u00e9s de leurs anges-gardiens, les CP de la classe de Val\u00e9rie Onillon.<\/p>\n<p>Les conditions \u00e9taient r\u00e9unies pour voter dans des conditions tr\u00e8s r\u00e9alistes: liste \u00e9lectorale, bulletins de vote, isoloir, urne et liste d&rsquo;\u00e9margement.<\/p>\n<p>Le d\u00e9pouillement s&rsquo;est fait dans la classe et a n\u00e9cessit\u00e9 la tenue d&rsquo;un second tour pour d\u00e9partager les candidats en t\u00eate.<\/p>\n<p>Chez les CM1: Eloane a \u00e9t\u00e9 \u00e9lue d\u00e9l\u00e9gu\u00e9e, L\u00e9ny est son suppl\u00e9ant.<\/p>\n<p>Chez les CM2: Cl\u00e9ment a \u00e9t\u00e9 \u00e9lu d\u00e9l\u00e9gu\u00e9, Martin est son suppl\u00e9ant.<\/p>\n<p>La premi\u00e8re r\u00e9union des d\u00e9l\u00e9gu\u00e9s aura lieu le mardi 6 octobre. Les suppl\u00e9ants y seront \u00e9galement pr\u00e9sents aux c\u00f4t\u00e9s du directeur de l&rsquo;\u00e9cole M. David.<\/p>\nngg_shortcode_0_placeholder\n","protected":false},"excerpt":{"rendered":"<p>L&rsquo;\u00e9lection des d\u00e9l\u00e9gu\u00e9s a eu lieu le mardi 29 septembre dans la salle polyvalente. Les \u00e9l\u00e8ves ont vot\u00e9 aux c\u00f4t\u00e9s de leurs anges-gardiens, les CP de la classe de Val\u00e9rie Onillon. Les conditions \u00e9taient r\u00e9unies pour voter dans des conditions tr\u00e8s r\u00e9alistes: liste \u00e9lectorale, bulletins de vote, isoloir, urne et liste d&rsquo;\u00e9margement. Le d\u00e9pouillement s&rsquo;est<\/p>\n<p><a href=\"https:\/\/coueron-st-symphorien.fr\/?p=25660\" class=\"more-link themebutton\">Lire la suite<\/a><\/p>\n","protected":false},"author":7,"featured_media":0,"comment_status":"closed","ping_status":"closed","sticky":false,"template":"","format":"standard","meta":{"ngg_post_thumbnail":0,"footnotes":""},"categories":[21],"tags":[],"_links":{"self":[{"href":"https:\/\/coueron-st-symphorien.fr\/index.php?rest_route=\/wp\/v2\/posts\/25660"}],"collection":[{"href":"https:\/\/coueron-st-symphorien.fr\/index.php?rest_route=\/wp\/v2\/posts"}],"about":[{"href":"https:\/\/coueron-st-symphorien.fr\/index.php?rest_route=\/wp\/v2\/types\/post"}],"author":[{"embeddable":true,"href":"https:\/\/coueron-st-symphorien.fr\/index.php?rest_route=\/wp\/v2\/users\/7"}],"replies":[{"embeddable":true,"href":"https:\/\/coueron-st-symphorien.fr\/index.php?rest_route=%2Fwp%2Fv2%2Fcomments&post=25660"}],"version-history":[{"count":1,"href":"https:\/\/coueron-st-symphorien.fr\/index.php?rest_route=\/wp\/v2\/posts\/25660\/revisions"}],"predecessor-version":[{"id":25661,"href":"https:\/\/coueron-st-symphorien.fr\/index.php?rest_route=\/wp\/v2\/posts\/25660\/revisions\/25661"}],"wp:attachment":[{"href":"https:\/\/coueron-st-symphorien.fr\/index.php?rest_route=%2Fwp%2Fv2%2Fmedia&parent=25660"}],"wp:term":[{"taxonomy":"category","embeddable":true,"href":"https:\/\/coueron-st-symphorien.fr\/index.php?rest_route=%2Fwp%2Fv2%2Fcategories&post=25660"},{"taxonomy":"post_tag","embeddable":true,"href":"https:\/\/coueron-st-symphorien.fr\/index.php?rest_route=%2Fwp%2Fv2%2Ftags&post=25660"}],"curies":[{"name":"wp","href":"https:\/\/api.w.org\/{rel}","templated":true}]}}