{"id":25554,"date":"2020-10-02T18:00:14","date_gmt":"2020-10-02T17:00:14","guid":{"rendered":"https:\/\/coueron-st-symphorien.fr\/?p=25554"},"modified":"2020-10-02T18:00:14","modified_gmt":"2020-10-02T17:00:14","slug":"elections-des-delegues-ce1-ce2-et-ce2","status":"publish","type":"post","link":"https:\/\/coueron-st-symphorien.fr\/?p=25554","title":{"rendered":"Elections des d\u00e9l\u00e9gu\u00e9s CE1\/CE2 et CE2"},"content":{"rendered":"<p>Ce mardi 29 Septembre 2020 ont eu lieu les \u00e9lections des d\u00e9l\u00e9gu\u00e9s.<\/p>\n<p>Avant de faire l\u2019\u00e9lection des d\u00e9l\u00e9gu\u00e9s, nous avons d\u00e9fini le r\u00f4le d\u2019un d\u00e9l\u00e9gu\u00e9 : il doit \u00eatre le porte-parole de la classe dans l\u2019\u00e9cole, il participe aux d\u00e9cisions prises dans l\u2019\u00e9cole afin d\u2019y am\u00e9liorer la qualit\u00e9 de vie, r\u00e9soudre des probl\u00e8mes\u2026<\/p>\n<p>Ensuite certains \u00e9l\u00e8ves ont d\u00e9pos\u00e9 leur candidature, puis ils ont fait leur campagne \u00e9lectorale : affiche, discours, slogan.<\/p>\n<p>Puis comme il est de coutume depuis quelques ann\u00e9es, la salle polyvalente est devenue bureau de vote : y ont \u00e9t\u00e9 install\u00e9s une urne, des isoloirs\u2026 Des \u00e9l\u00e8ves ont pris le r\u00f4le d\u2019assesseurs.<\/p>\n<p>Tous les \u00e9l\u00e8ves, munis de leur carte \u00e9lectorale scolaire, ont soigneusement choisi le bon bulletin de vote avant de le glisser dans l&rsquo;enveloppe puis dans l\u2019urne.&nbsp;<\/p>\n<p>Ensuite est venu le temps du d\u00e9pouillement et des r\u00e9sultats des votes.<\/p>\nngg_shortcode_0_placeholder\n","protected":false},"excerpt":{"rendered":"<p>Ce mardi 29 Septembre 2020 ont eu lieu les \u00e9lections des d\u00e9l\u00e9gu\u00e9s. Avant de faire l\u2019\u00e9lection des d\u00e9l\u00e9gu\u00e9s, nous avons d\u00e9fini le r\u00f4le d\u2019un d\u00e9l\u00e9gu\u00e9 : il doit \u00eatre le porte-parole de la classe dans l\u2019\u00e9cole, il participe aux d\u00e9cisions prises dans l\u2019\u00e9cole afin d\u2019y am\u00e9liorer la qualit\u00e9 de vie, r\u00e9soudre des probl\u00e8mes\u2026 Ensuite certains<\/p>\n<p><a href=\"https:\/\/coueron-st-symphorien.fr\/?p=25554\" class=\"more-link themebutton\">Lire la suite<\/a><\/p>\n","protected":false},"author":6,"featured_media":0,"comment_status":"closed","ping_status":"closed","sticky":false,"template":"","format":"standard","meta":{"ngg_post_thumbnail":0,"footnotes":""},"categories":[18,19],"tags":[],"_links":{"self":[{"href":"https:\/\/coueron-st-symphorien.fr\/index.php?rest_route=\/wp\/v2\/posts\/25554"}],"collection":[{"href":"https:\/\/coueron-st-symphorien.fr\/index.php?rest_route=\/wp\/v2\/posts"}],"about":[{"href":"https:\/\/coueron-st-symphorien.fr\/index.php?rest_route=\/wp\/v2\/types\/post"}],"author":[{"embeddable":true,"href":"https:\/\/coueron-st-symphorien.fr\/index.php?rest_route=\/wp\/v2\/users\/6"}],"replies":[{"embeddable":true,"href":"https:\/\/coueron-st-symphorien.fr\/index.php?rest_route=%2Fwp%2Fv2%2Fcomments&post=25554"}],"version-history":[{"count":4,"href":"https:\/\/coueron-st-symphorien.fr\/index.php?rest_route=\/wp\/v2\/posts\/25554\/revisions"}],"predecessor-version":[{"id":25589,"href":"https:\/\/coueron-st-symphorien.fr\/index.php?rest_route=\/wp\/v2\/posts\/25554\/revisions\/25589"}],"wp:attachment":[{"href":"https:\/\/coueron-st-symphorien.fr\/index.php?rest_route=%2Fwp%2Fv2%2Fmedia&parent=25554"}],"wp:term":[{"taxonomy":"category","embeddable":true,"href":"https:\/\/coueron-st-symphorien.fr\/index.php?rest_route=%2Fwp%2Fv2%2Fcategories&post=25554"},{"taxonomy":"post_tag","embeddable":true,"href":"https:\/\/coueron-st-symphorien.fr\/index.php?rest_route=%2Fwp%2Fv2%2Ftags&post=25554"}],"curies":[{"name":"wp","href":"https:\/\/api.w.org\/{rel}","templated":true}]}}