{"id":25506,"date":"2020-09-29T12:33:23","date_gmt":"2020-09-29T11:33:23","guid":{"rendered":"https:\/\/coueron-st-symphorien.fr\/?p=25506"},"modified":"2020-09-29T12:33:23","modified_gmt":"2020-09-29T11:33:23","slug":"election-des-delegues-ce1","status":"publish","type":"post","link":"https:\/\/coueron-st-symphorien.fr\/?p=25506","title":{"rendered":"ELECTION DES DELEGUES CE1"},"content":{"rendered":"<p>Un grand moment de citoyennet\u00e9&nbsp;!<\/p>\n<p>Avant de faire l\u2019\u00e9lection des d\u00e9l\u00e9gu\u00e9s, nous avons d\u00e9fini le r\u00f4le d\u2019un d\u00e9l\u00e9gu\u00e9&nbsp;: il doit \u00eatre le porte-parole de la classe dans l&rsquo;\u00e9cole, il participe aux d\u00e9cisions prises dans l\u2019\u00e9cole afin d\u2019y am\u00e9liorer la qualit\u00e9 de vie, r\u00e9soudre des probl\u00e8mes&#8230;<\/p>\n<p>Nous avons aussi travaill\u00e9 sur les diff\u00e9rentes \u00e9tapes d\u2019une \u00e9lection et expliqu\u00e9 le lexique qui s\u2019y rapporte. Chaque \u00e9l\u00e8ve devait r\u00e9fl\u00e9chir s\u2019il se portait candidat et d\u00e9poser sa fiche de candidature s\u2019il le souhaitait. Il a aussi d\u00fb faire sa campagne \u00e9lectorale&nbsp;!<\/p>\n<p>Les slogans propos\u00e9s par les candidats en CE1&nbsp;:<\/p>\n<p><span style=\"color: #99cc00\"><em>Avec Rafael, la vie est belle&nbsp;!<\/em><\/span><\/p>\n<p><span style=\"color: #993300\"><em>Votez Elowan, vous aurez la banane !<\/em><\/span><\/p>\n<p><span style=\"color: #00ff00\"><em>Avec Constance, vous \u00eates en confiance&nbsp;!<\/em><\/span><\/p>\n<p><span style=\"color: #33cccc\"><em>Avec Laurette, c\u2019est chouette!<\/em><\/span><\/p>\n<p><span style=\"color: #3366ff\"><em>A Saint-Symphorien, vous serez bien, avec Quentin en CE1&nbsp;!<\/em><\/span><\/p>\n<p><span style=\"color: #ff0000\"><em>Votez R\u00e9mi pour un CE1 r\u00e9ussi&nbsp;!<\/em><\/span><\/p>\n<p><span style=\"color: #333399\"><em>Avec Alexandre, la vie est plus tendre&nbsp;!<\/em><\/span><\/p>\n<p><span style=\"color: #ffcc00\"><em>Avec Paul, pas de b\u00e9mol, l\u2019\u00e9cole devient folle&nbsp;!<\/em><\/span><\/p>\n<p>Le mardi 29 septembre, nous avons \u00e9lu un d\u00e9l\u00e9gu\u00e9 et son suppl\u00e9ant. En CE1, <strong>Rafael<\/strong> a \u00e9t\u00e9 \u00e9lu d\u00e9l\u00e9gu\u00e9 et <strong>R\u00e9mi<\/strong> d\u00e9l\u00e9gu\u00e9 suppl\u00e9ant.<\/p>\n<p>Nous avons suivi presque le m\u00eame d\u00e9roulement que les \u00e9lections des citoyens fran\u00e7ais. Les \u00e9l\u00e8ves ont mis leur enveloppe dans une \u00ab&nbsp;vraie&nbsp;\u00bb urne. Ils sont pass\u00e9s dans l\u2019isoloir et ont \u00e9marg\u00e9. Chaque \u00e9l\u00e8ve devait avoir sa carte d\u2019identit\u00e9 scolaire pour avoir le droit de voter.<\/p>\n<p><strong><em>A vot\u00e9&nbsp;!<\/em><\/strong><\/p>\nngg_shortcode_0_placeholder\n","protected":false},"excerpt":{"rendered":"<p>Un grand moment de citoyennet\u00e9&nbsp;! Avant de faire l\u2019\u00e9lection des d\u00e9l\u00e9gu\u00e9s, nous avons d\u00e9fini le r\u00f4le d\u2019un d\u00e9l\u00e9gu\u00e9&nbsp;: il doit \u00eatre le porte-parole de la classe dans l&rsquo;\u00e9cole, il participe aux d\u00e9cisions prises dans l\u2019\u00e9cole afin d\u2019y am\u00e9liorer la qualit\u00e9 de vie, r\u00e9soudre des probl\u00e8mes&#8230; Nous avons aussi travaill\u00e9 sur les diff\u00e9rentes \u00e9tapes d\u2019une \u00e9lection<\/p>\n<p><a href=\"https:\/\/coueron-st-symphorien.fr\/?p=25506\" class=\"more-link themebutton\">Lire la suite<\/a><\/p>\n","protected":false},"author":14,"featured_media":0,"comment_status":"closed","ping_status":"closed","sticky":false,"template":"","format":"standard","meta":{"ngg_post_thumbnail":0,"footnotes":""},"categories":[17],"tags":[],"_links":{"self":[{"href":"https:\/\/coueron-st-symphorien.fr\/index.php?rest_route=\/wp\/v2\/posts\/25506"}],"collection":[{"href":"https:\/\/coueron-st-symphorien.fr\/index.php?rest_route=\/wp\/v2\/posts"}],"about":[{"href":"https:\/\/coueron-st-symphorien.fr\/index.php?rest_route=\/wp\/v2\/types\/post"}],"author":[{"embeddable":true,"href":"https:\/\/coueron-st-symphorien.fr\/index.php?rest_route=\/wp\/v2\/users\/14"}],"replies":[{"embeddable":true,"href":"https:\/\/coueron-st-symphorien.fr\/index.php?rest_route=%2Fwp%2Fv2%2Fcomments&post=25506"}],"version-history":[{"count":1,"href":"https:\/\/coueron-st-symphorien.fr\/index.php?rest_route=\/wp\/v2\/posts\/25506\/revisions"}],"predecessor-version":[{"id":25524,"href":"https:\/\/coueron-st-symphorien.fr\/index.php?rest_route=\/wp\/v2\/posts\/25506\/revisions\/25524"}],"wp:attachment":[{"href":"https:\/\/coueron-st-symphorien.fr\/index.php?rest_route=%2Fwp%2Fv2%2Fmedia&parent=25506"}],"wp:term":[{"taxonomy":"category","embeddable":true,"href":"https:\/\/coueron-st-symphorien.fr\/index.php?rest_route=%2Fwp%2Fv2%2Fcategories&post=25506"},{"taxonomy":"post_tag","embeddable":true,"href":"https:\/\/coueron-st-symphorien.fr\/index.php?rest_route=%2Fwp%2Fv2%2Ftags&post=25506"}],"curies":[{"name":"wp","href":"https:\/\/api.w.org\/{rel}","templated":true}]}}