{"id":25427,"date":"2020-09-26T09:53:15","date_gmt":"2020-09-26T08:53:15","guid":{"rendered":"https:\/\/coueron-st-symphorien.fr\/?p=25427"},"modified":"2020-09-26T09:56:22","modified_gmt":"2020-09-26T08:56:22","slug":"fete-de-la-rentree-mon-ecole-est-un-monde","status":"publish","type":"post","link":"https:\/\/coueron-st-symphorien.fr\/?p=25427","title":{"rendered":"F\u00eate de la rentr\u00e9e: mon \u00e9cole est un monde"},"content":{"rendered":"<p>Vendredi 18 septembre, c&rsquo;\u00e9tait la f\u00eate de la rentr\u00e9e!<\/p>\n<p>Ce f\u00fbt l&rsquo;occasion de pr\u00e9parer une guirlande: un morceau de tissu, un \u00e9l\u00e8ve ou un adulte.<\/p>\n<p>Dans notre classe, nous avons tremp\u00e9 le tissu dans de la peinture verte et l&rsquo;avons d\u00e9cor\u00e9 avec des empreintes vert fonc\u00e9.<\/p>\n<p>Cinq guirlandes ont \u00e9t\u00e9 accroch\u00e9 \u00e0 une boule en papier symbolisant notre \u00e9cole.<\/p>\n<p>L\u00e9opold et Victor ont \u00e9t\u00e9 pr\u00e9sent\u00e9 \u00e0 toute l&rsquo;\u00e9cole maternelle.<\/p>\nngg_shortcode_0_placeholder\n","protected":false},"excerpt":{"rendered":"<p>Vendredi 18 septembre, c&rsquo;\u00e9tait la f\u00eate de la rentr\u00e9e! Ce f\u00fbt l&rsquo;occasion de pr\u00e9parer une guirlande: un morceau de tissu, un \u00e9l\u00e8ve ou un adulte. Dans notre classe, nous avons tremp\u00e9 le tissu dans de la peinture verte et l&rsquo;avons d\u00e9cor\u00e9 avec des empreintes vert fonc\u00e9. Cinq guirlandes ont \u00e9t\u00e9 accroch\u00e9 \u00e0 une boule en<\/p>\n<p><a href=\"https:\/\/coueron-st-symphorien.fr\/?p=25427\" class=\"more-link themebutton\">Lire la suite<\/a><\/p>\n","protected":false},"author":3,"featured_media":0,"comment_status":"closed","ping_status":"closed","sticky":false,"template":"","format":"standard","meta":{"ngg_post_thumbnail":0,"footnotes":""},"categories":[14],"tags":[],"_links":{"self":[{"href":"https:\/\/coueron-st-symphorien.fr\/index.php?rest_route=\/wp\/v2\/posts\/25427"}],"collection":[{"href":"https:\/\/coueron-st-symphorien.fr\/index.php?rest_route=\/wp\/v2\/posts"}],"about":[{"href":"https:\/\/coueron-st-symphorien.fr\/index.php?rest_route=\/wp\/v2\/types\/post"}],"author":[{"embeddable":true,"href":"https:\/\/coueron-st-symphorien.fr\/index.php?rest_route=\/wp\/v2\/users\/3"}],"replies":[{"embeddable":true,"href":"https:\/\/coueron-st-symphorien.fr\/index.php?rest_route=%2Fwp%2Fv2%2Fcomments&post=25427"}],"version-history":[{"count":2,"href":"https:\/\/coueron-st-symphorien.fr\/index.php?rest_route=\/wp\/v2\/posts\/25427\/revisions"}],"predecessor-version":[{"id":25444,"href":"https:\/\/coueron-st-symphorien.fr\/index.php?rest_route=\/wp\/v2\/posts\/25427\/revisions\/25444"}],"wp:attachment":[{"href":"https:\/\/coueron-st-symphorien.fr\/index.php?rest_route=%2Fwp%2Fv2%2Fmedia&parent=25427"}],"wp:term":[{"taxonomy":"category","embeddable":true,"href":"https:\/\/coueron-st-symphorien.fr\/index.php?rest_route=%2Fwp%2Fv2%2Fcategories&post=25427"},{"taxonomy":"post_tag","embeddable":true,"href":"https:\/\/coueron-st-symphorien.fr\/index.php?rest_route=%2Fwp%2Fv2%2Ftags&post=25427"}],"curies":[{"name":"wp","href":"https:\/\/api.w.org\/{rel}","templated":true}]}}