{"id":2523,"date":"2017-05-12T17:30:46","date_gmt":"2017-05-12T16:30:46","guid":{"rendered":"https:\/\/coueron-st-symphorien.fr\/?p=2523"},"modified":"2017-05-17T20:34:27","modified_gmt":"2017-05-17T19:34:27","slug":"voile-notre-dernier-jour","status":"publish","type":"post","link":"https:\/\/coueron-st-symphorien.fr\/?p=2523","title":{"rendered":"Voile : notre dernier jour&#8230;"},"content":{"rendered":"<p>En ce dernier jour de notre classe voile, nous avons tous fait une superbe balade : un groupe est parti en bateau \u00e0 bord des seils et des optimists et l&rsquo;autre partie du groupe est parti \u00e0 pied. Il y avait du \u00ab\u00a0bon vent\u00a0\u00bb pour faire avancer les bateaux. Nous nous sommes tous retrouv\u00e9s pour pique-niquer sur l&rsquo;autre rive de l&rsquo;Erdre. Ceux qui \u00e9taient \u00e0 pied ont travers\u00e9 en bateau \u00e0 moteur : ils \u00e9taient ravis !<\/p>\n<p><iframe loading=\"lazy\" src=\"https:\/\/www.youtube.com\/embed\/SosSo74MvJU?rel=0\" width=\"560\" height=\"315\" frameborder=\"0\" allowfullscreen=\"allowfullscreen\"><\/iframe><\/p>\n<p>Apr\u00e8s le pique-nique nous avons \u00e9chang\u00e9 les 2 groupes : ceux qui \u00e9taient venus en bateaux sont repartis \u00e0 pied et inversement.<\/p>\n<p><iframe loading=\"lazy\" src=\"https:\/\/www.youtube.com\/embed\/jhSvZ8VzCNo?rel=0\" width=\"560\" height=\"315\" frameborder=\"0\" allowfullscreen=\"allowfullscreen\"><\/iframe><\/p>\n<div style=\"width: 1170px;\" class=\"wp-video\"><!--[if lt IE 9]><script>document.createElement('video');<\/script><![endif]-->\n<video class=\"wp-video-shortcode\" id=\"video-2523-1\" width=\"1170\" height=\"658\" preload=\"metadata\" controls=\"controls\"><source type=\"video\/mp4\" src=\"https:\/\/coueron-st-symphorien.fr\/wp-content\/uploads\/2017\/05\/MVI_2766.mp4?_=1\" \/><a href=\"https:\/\/coueron-st-symphorien.fr\/wp-content\/uploads\/2017\/05\/MVI_2766.mp4\">https:\/\/coueron-st-symphorien.fr\/wp-content\/uploads\/2017\/05\/MVI_2766.mp4<\/a><\/video><\/div>\n<p>&nbsp;<\/p>\n<p>Tous les enfants ont \u00e9t\u00e9 dipl\u00f4m\u00e9s, ravis de cette fabuleuse semaine et tous pr\u00eats \u00e0 recommencer !<\/p>\nngg_shortcode_0_placeholder\n","protected":false},"excerpt":{"rendered":"<p>En ce dernier jour de notre classe voile, nous avons tous fait une superbe balade : un groupe est parti en bateau \u00e0 bord des seils et des optimists et l&rsquo;autre partie du groupe est parti \u00e0 pied. Il y avait du \u00ab\u00a0bon vent\u00a0\u00bb pour faire avancer les bateaux. Nous nous sommes tous retrouv\u00e9s pour<\/p>\n<p><a href=\"https:\/\/coueron-st-symphorien.fr\/?p=2523\" class=\"more-link themebutton\">Lire la suite<\/a><\/p>\n","protected":false},"author":6,"featured_media":0,"comment_status":"closed","ping_status":"closed","sticky":false,"template":"","format":"standard","meta":{"ngg_post_thumbnail":0,"footnotes":""},"categories":[18,19,20],"tags":[],"_links":{"self":[{"href":"https:\/\/coueron-st-symphorien.fr\/index.php?rest_route=\/wp\/v2\/posts\/2523"}],"collection":[{"href":"https:\/\/coueron-st-symphorien.fr\/index.php?rest_route=\/wp\/v2\/posts"}],"about":[{"href":"https:\/\/coueron-st-symphorien.fr\/index.php?rest_route=\/wp\/v2\/types\/post"}],"author":[{"embeddable":true,"href":"https:\/\/coueron-st-symphorien.fr\/index.php?rest_route=\/wp\/v2\/users\/6"}],"replies":[{"embeddable":true,"href":"https:\/\/coueron-st-symphorien.fr\/index.php?rest_route=%2Fwp%2Fv2%2Fcomments&post=2523"}],"version-history":[{"count":7,"href":"https:\/\/coueron-st-symphorien.fr\/index.php?rest_route=\/wp\/v2\/posts\/2523\/revisions"}],"predecessor-version":[{"id":2563,"href":"https:\/\/coueron-st-symphorien.fr\/index.php?rest_route=\/wp\/v2\/posts\/2523\/revisions\/2563"}],"wp:attachment":[{"href":"https:\/\/coueron-st-symphorien.fr\/index.php?rest_route=%2Fwp%2Fv2%2Fmedia&parent=2523"}],"wp:term":[{"taxonomy":"category","embeddable":true,"href":"https:\/\/coueron-st-symphorien.fr\/index.php?rest_route=%2Fwp%2Fv2%2Fcategories&post=2523"},{"taxonomy":"post_tag","embeddable":true,"href":"https:\/\/coueron-st-symphorien.fr\/index.php?rest_route=%2Fwp%2Fv2%2Ftags&post=2523"}],"curies":[{"name":"wp","href":"https:\/\/api.w.org\/{rel}","templated":true}]}}