{"id":2505,"date":"2017-05-11T18:11:22","date_gmt":"2017-05-11T17:11:22","guid":{"rendered":"https:\/\/coueron-st-symphorien.fr\/?p=2505"},"modified":"2017-05-11T18:33:35","modified_gmt":"2017-05-11T17:33:35","slug":"regard-sur-notre-ville","status":"publish","type":"post","link":"https:\/\/coueron-st-symphorien.fr\/?p=2505","title":{"rendered":"REGARD SUR NOTRE VILLE"},"content":{"rendered":"<p>Depuis le d\u00e9but de l&rsquo;ann\u00e9e, les \u00e9l\u00e8ves ont observ\u00e9 des espaces de vie, des b\u00e2timents de notre ville.<\/p>\n<p>Ils se sont questionn\u00e9s sur :<\/p>\n<ul>\n<li>les usages des lieux<\/li>\n<li>les sc\u00e8nes de vie dans ces lieux<\/li>\n<li>les aspects techniques de l&rsquo;architecture<\/li>\n<li>les d\u00e9placements<\/li>\n<li>le mobilier urbain&#8230;..<\/li>\n<\/ul>\n<p>Ils passent \u00e0 l&rsquo;action pour vous restituer ce regard sur leur ville.<\/p>\n<p>Rendez-vous vendredi soir ou \u00e0 la f\u00eate de l&rsquo;\u00e9cole.<\/p>\nngg_shortcode_0_placeholder\n","protected":false},"excerpt":{"rendered":"<p>Depuis le d\u00e9but de l&rsquo;ann\u00e9e, les \u00e9l\u00e8ves ont observ\u00e9 des espaces de vie, des b\u00e2timents de notre ville. Ils se sont questionn\u00e9s sur : les usages des lieux les sc\u00e8nes de vie dans ces lieux les aspects techniques de l&rsquo;architecture les d\u00e9placements le mobilier urbain&#8230;.. Ils passent \u00e0 l&rsquo;action pour vous restituer ce regard sur<\/p>\n<p><a href=\"https:\/\/coueron-st-symphorien.fr\/?p=2505\" class=\"more-link themebutton\">Lire la suite<\/a><\/p>\n","protected":false},"author":3,"featured_media":0,"comment_status":"closed","ping_status":"closed","sticky":false,"template":"","format":"standard","meta":{"ngg_post_thumbnail":0,"footnotes":""},"categories":[16,5],"tags":[],"_links":{"self":[{"href":"https:\/\/coueron-st-symphorien.fr\/index.php?rest_route=\/wp\/v2\/posts\/2505"}],"collection":[{"href":"https:\/\/coueron-st-symphorien.fr\/index.php?rest_route=\/wp\/v2\/posts"}],"about":[{"href":"https:\/\/coueron-st-symphorien.fr\/index.php?rest_route=\/wp\/v2\/types\/post"}],"author":[{"embeddable":true,"href":"https:\/\/coueron-st-symphorien.fr\/index.php?rest_route=\/wp\/v2\/users\/3"}],"replies":[{"embeddable":true,"href":"https:\/\/coueron-st-symphorien.fr\/index.php?rest_route=%2Fwp%2Fv2%2Fcomments&post=2505"}],"version-history":[{"count":1,"href":"https:\/\/coueron-st-symphorien.fr\/index.php?rest_route=\/wp\/v2\/posts\/2505\/revisions"}],"predecessor-version":[{"id":2506,"href":"https:\/\/coueron-st-symphorien.fr\/index.php?rest_route=\/wp\/v2\/posts\/2505\/revisions\/2506"}],"wp:attachment":[{"href":"https:\/\/coueron-st-symphorien.fr\/index.php?rest_route=%2Fwp%2Fv2%2Fmedia&parent=2505"}],"wp:term":[{"taxonomy":"category","embeddable":true,"href":"https:\/\/coueron-st-symphorien.fr\/index.php?rest_route=%2Fwp%2Fv2%2Fcategories&post=2505"},{"taxonomy":"post_tag","embeddable":true,"href":"https:\/\/coueron-st-symphorien.fr\/index.php?rest_route=%2Fwp%2Fv2%2Ftags&post=2505"}],"curies":[{"name":"wp","href":"https:\/\/api.w.org\/{rel}","templated":true}]}}