{"id":2499,"date":"2017-05-11T07:29:44","date_gmt":"2017-05-11T06:29:44","guid":{"rendered":"https:\/\/coueron-st-symphorien.fr\/?p=2499"},"modified":"2017-05-11T07:29:44","modified_gmt":"2017-05-11T06:29:44","slug":"temps-fort-de-notre-projet-architecture","status":"publish","type":"post","link":"https:\/\/coueron-st-symphorien.fr\/?p=2499","title":{"rendered":"temps fort de notre projet \u00ab\u00a0architecture\u00a0\u00bb"},"content":{"rendered":"<p>Le temps fort de notre projet \u00ab\u00a0<strong><span style=\"color: #ff0000\">architecture\u00a0<\/span><\/strong>\u00bb a d\u00e9but\u00e9 par une frise chronologique de l\u2019histoire de l\u2019architecture \u00e0 travers plusieurs monuments c\u00e9l\u00e8bres du monde.<\/p>\n<p>Le mercredi, nous avons fait une sortie dans <strong><span style=\"color: #0000ff\">le quartier du Bossis <\/span><\/strong>o\u00f9 nous avons appris l\u2019histoire de ce lieu. A l\u2019\u00e9poque de la r\u00e9volution industrielle dans les ann\u00e9es 20, par manque de main d\u2019\u0153uvre, des polonais sont venus s\u2019installer en France o\u00f9 tout a \u00e9t\u00e9 fait pour qu\u2019ils retrouvent leur mode de vie\u00a0: maison, jardin\u2026 Nous avons aussi appris des mots d\u2019architecture\u00a0: moellon, marquise, linteau.ngg_shortcode_0_placeholder<\/p>\n","protected":false},"excerpt":{"rendered":"<p>Le temps fort de notre projet \u00ab\u00a0architecture\u00a0\u00bb a d\u00e9but\u00e9 par une frise chronologique de l\u2019histoire de l\u2019architecture \u00e0 travers plusieurs monuments c\u00e9l\u00e8bres du monde. Le mercredi, nous avons fait une sortie dans le quartier du Bossis o\u00f9 nous avons appris l\u2019histoire de ce lieu. A l\u2019\u00e9poque de la r\u00e9volution industrielle dans les ann\u00e9es 20, par<\/p>\n<p><a href=\"https:\/\/coueron-st-symphorien.fr\/?p=2499\" class=\"more-link themebutton\">Lire la suite<\/a><\/p>\n","protected":false},"author":14,"featured_media":0,"comment_status":"closed","ping_status":"closed","sticky":false,"template":"","format":"standard","meta":{"ngg_post_thumbnail":0,"footnotes":""},"categories":[17],"tags":[],"_links":{"self":[{"href":"https:\/\/coueron-st-symphorien.fr\/index.php?rest_route=\/wp\/v2\/posts\/2499"}],"collection":[{"href":"https:\/\/coueron-st-symphorien.fr\/index.php?rest_route=\/wp\/v2\/posts"}],"about":[{"href":"https:\/\/coueron-st-symphorien.fr\/index.php?rest_route=\/wp\/v2\/types\/post"}],"author":[{"embeddable":true,"href":"https:\/\/coueron-st-symphorien.fr\/index.php?rest_route=\/wp\/v2\/users\/14"}],"replies":[{"embeddable":true,"href":"https:\/\/coueron-st-symphorien.fr\/index.php?rest_route=%2Fwp%2Fv2%2Fcomments&post=2499"}],"version-history":[{"count":1,"href":"https:\/\/coueron-st-symphorien.fr\/index.php?rest_route=\/wp\/v2\/posts\/2499\/revisions"}],"predecessor-version":[{"id":2500,"href":"https:\/\/coueron-st-symphorien.fr\/index.php?rest_route=\/wp\/v2\/posts\/2499\/revisions\/2500"}],"wp:attachment":[{"href":"https:\/\/coueron-st-symphorien.fr\/index.php?rest_route=%2Fwp%2Fv2%2Fmedia&parent=2499"}],"wp:term":[{"taxonomy":"category","embeddable":true,"href":"https:\/\/coueron-st-symphorien.fr\/index.php?rest_route=%2Fwp%2Fv2%2Fcategories&post=2499"},{"taxonomy":"post_tag","embeddable":true,"href":"https:\/\/coueron-st-symphorien.fr\/index.php?rest_route=%2Fwp%2Fv2%2Ftags&post=2499"}],"curies":[{"name":"wp","href":"https:\/\/api.w.org\/{rel}","templated":true}]}}