{"id":2479,"date":"2017-05-10T19:37:46","date_gmt":"2017-05-10T18:37:46","guid":{"rendered":"https:\/\/coueron-st-symphorien.fr\/?p=2479"},"modified":"2017-05-10T19:37:46","modified_gmt":"2017-05-10T18:37:46","slug":"semaine-de-larchitecture-a-lecole","status":"publish","type":"post","link":"https:\/\/coueron-st-symphorien.fr\/?p=2479","title":{"rendered":"SEMAINE DE L&rsquo;ARCHITECTURE \u00e0 l&rsquo;\u00e9cole"},"content":{"rendered":"<p><a href=\"https:\/\/coueron-st-symphorien.fr\/wp-content\/uploads\/2017\/05\/P5090317.jpg\"><img loading=\"lazy\" decoding=\"async\" class=\"aligncenter size-medium wp-image-2478\" src=\"https:\/\/coueron-st-symphorien.fr\/wp-content\/uploads\/2017\/05\/P5090317-300x225.jpg\" alt=\"\" width=\"300\" height=\"225\" \/><\/a><\/p>\n<p>Depuis mardi matin, nous avons accueilli deux architectes de l&rsquo;association des architectes de Nantes (ARDEPA) pour un temps fort.<\/p>\n<p>Mardi matin<\/p>\n<ul>\n<li>rencontre avec le groupe classe<\/li>\n<li>rep\u00e9rage des lieux visit\u00e9s depuis le d\u00e9but de l&rsquo;ann\u00e9e sur le plan.<\/li>\n<li>comprendre l&rsquo;\u00e9volution des constructions dans le temps avec les mat\u00e9riaux utilis\u00e9s (bois, terre, m\u00e9tal, b\u00e9ton, verre&#8230;)<\/li>\n<\/ul>\n<p>Mercredi matin :<\/p>\n<ul>\n<li>d\u00e9couverte du quartier du Bossis. Le groupe classe retrouve Camille sur place.<\/li>\n<\/ul>\n<p><span style=\"color: #ff0000\"><em>Un peu d&rsquo;histoire sur le quartier du BOSSIS<\/em> <\/span><\/p>\n<p><span style=\"color: #0000ff\"><em>C&rsquo;est un quartier impr\u00e9gn\u00e9 de l&rsquo;histoire ouvri\u00e8re cou\u00ebronnaise, en lien \u00e9troit avec l&rsquo;arriv\u00e9e d&rsquo;une main-d\u2019\u0153uvre polonaise, apr\u00e8s la Premi\u00e8re Guerre mondiale. Les maisons en pierre du quartier du Bossis datent des ann\u00e9es 1920. Afin de r\u00e9pondre au manque de main-d\u2019\u0153uvre caus\u00e9 par la guerre, les Forges de Basse-Indre (J.-J. Carnaud), et l&rsquo;usine Pontgibaud (Tr\u00e9fim\u00e9taux) font appel \u00e0 une population \u00e9trang\u00e8re.<\/em><\/span><\/p>\n<p><span style=\"color: #0000ff\"><em>Pour les loger, ils vont construire des cit\u00e9s ouvri\u00e8res, non loin de la Tour \u00e0 plom<\/em><em>b. Ce seront la Navale, Le Bossis et Bessonneau (maisons de bois)&#8230;<br \/>\n<\/em><\/span><\/p>\n<p><span style=\"color: #0000ff\"><em>Jusqu&rsquo;en 1930, quelque 1 200 personnes vont faire cro\u00eetre la population cou\u00ebronnaise. Les habitations de pierre du Bossis sont r\u00e9serv\u00e9es aux cadres des usines.<\/em><\/span><\/p>\nngg_shortcode_0_placeholder\n<p>&nbsp;<\/p>\n","protected":false},"excerpt":{"rendered":"<p>Depuis mardi matin, nous avons accueilli deux architectes de l&rsquo;association des architectes de Nantes (ARDEPA) pour un temps fort. Mardi matin rencontre avec le groupe classe rep\u00e9rage des lieux visit\u00e9s depuis le d\u00e9but de l&rsquo;ann\u00e9e sur le plan. comprendre l&rsquo;\u00e9volution des constructions dans le temps avec les mat\u00e9riaux utilis\u00e9s (bois, terre, m\u00e9tal, b\u00e9ton, verre&#8230;) Mercredi<\/p>\n<p><a href=\"https:\/\/coueron-st-symphorien.fr\/?p=2479\" class=\"more-link themebutton\">Lire la suite<\/a><\/p>\n","protected":false},"author":3,"featured_media":0,"comment_status":"closed","ping_status":"closed","sticky":false,"template":"","format":"standard","meta":{"ngg_post_thumbnail":0,"footnotes":""},"categories":[16,5],"tags":[],"_links":{"self":[{"href":"https:\/\/coueron-st-symphorien.fr\/index.php?rest_route=\/wp\/v2\/posts\/2479"}],"collection":[{"href":"https:\/\/coueron-st-symphorien.fr\/index.php?rest_route=\/wp\/v2\/posts"}],"about":[{"href":"https:\/\/coueron-st-symphorien.fr\/index.php?rest_route=\/wp\/v2\/types\/post"}],"author":[{"embeddable":true,"href":"https:\/\/coueron-st-symphorien.fr\/index.php?rest_route=\/wp\/v2\/users\/3"}],"replies":[{"embeddable":true,"href":"https:\/\/coueron-st-symphorien.fr\/index.php?rest_route=%2Fwp%2Fv2%2Fcomments&post=2479"}],"version-history":[{"count":2,"href":"https:\/\/coueron-st-symphorien.fr\/index.php?rest_route=\/wp\/v2\/posts\/2479\/revisions"}],"predecessor-version":[{"id":2481,"href":"https:\/\/coueron-st-symphorien.fr\/index.php?rest_route=\/wp\/v2\/posts\/2479\/revisions\/2481"}],"wp:attachment":[{"href":"https:\/\/coueron-st-symphorien.fr\/index.php?rest_route=%2Fwp%2Fv2%2Fmedia&parent=2479"}],"wp:term":[{"taxonomy":"category","embeddable":true,"href":"https:\/\/coueron-st-symphorien.fr\/index.php?rest_route=%2Fwp%2Fv2%2Fcategories&post=2479"},{"taxonomy":"post_tag","embeddable":true,"href":"https:\/\/coueron-st-symphorien.fr\/index.php?rest_route=%2Fwp%2Fv2%2Ftags&post=2479"}],"curies":[{"name":"wp","href":"https:\/\/api.w.org\/{rel}","templated":true}]}}