{"id":2450,"date":"2017-05-10T19:40:05","date_gmt":"2017-05-10T18:40:05","guid":{"rendered":"https:\/\/coueron-st-symphorien.fr\/?p=2450"},"modified":"2017-05-10T20:54:26","modified_gmt":"2017-05-10T19:54:26","slug":"jour-2-on-met-les-voiles","status":"publish","type":"post","link":"https:\/\/coueron-st-symphorien.fr\/?p=2450","title":{"rendered":"Jour 2 : on met les voiles !"},"content":{"rendered":"<p>Ce matin, tout le monde a retrouv\u00e9 avec plaisir les seils. Nous avons d&rsquo;abord \u00e9tudi\u00e9 et tent\u00e9 de se rep\u00e9rer sur la carte de navigation de cette partie de l&rsquo;Erdre. Puis, \u00e0 quai et gr\u00e2ce aux explications de Benoit, nous avons pr\u00e9par\u00e9 notre bateau comme de vrais marins, en commen\u00e7ant par\u00a0installer\u00a0les voiles . B\u00f4me, \u00e9coute, foc, safran, barre&#8230;. nous sommes devenus incollables sur le vocabulaire d&rsquo;un voilier. Nous avons vite retrouv\u00e9 nos marques et \u00e9tions tous \u00e0 l&rsquo;aise pour se d\u00e9placer sur le bateau et faire les manipulations n\u00e9cessaires.<\/p>\n<p>Puis, Erwan et Benoit nous ont tract\u00e9s une nouvelle fois pour nous emmener\u00a0au large.<br \/>\n<iframe loading=\"lazy\" width=\"560\" height=\"315\" src=\"https:\/\/www.youtube.com\/embed\/t6hbZ-P1Nqk?rel=0\" frameborder=\"0\" allowfullscreen><\/iframe><\/p>\n<p>Et nous avons go\u00fbt\u00e9 aux premi\u00e8res sensations du vent qui prend dans les voiles. Nous nous sommes tous bien d\u00e9brouill\u00e9s. Chacun tenait son r\u00f4le: \u00e0 la barre, \u00e0 la grand voile ou au foc. Nous avons fait quelques parcours et virements de bord, dignes d&rsquo;une vraie r\u00e9gate !<\/p>\n<p>L&rsquo;apr\u00e8s-midi, nous sommes retourn\u00e9s en classe pour noter tout ce que nous avons appris sur l&rsquo;\u00e9quilibre, les d\u00e9placements, les directions. Puis nous avons fini la journ\u00e9e en beaut\u00e9 en f\u00eatant l&rsquo;anniversaire d&rsquo;Annwenn.<\/p>\n<p>Demain, nous changeons de bateaux et partons \u00e0 la d\u00e9couverte des optimists !<\/p>\n<p>[BMo_scrollGallery id=321 sG_thumbPosition=left sG_images=1 duration=slow gallery_width=600 gallery_height=400 thumbs_width=100 thumbs_height=100 sG_caption=1 sG_start=1 sG_loop=1 sG_loopThumbs=1 sG_clickable=1 sG_opacity=40 sG_area=200 sG_scrollSpeed=2 sG_autoScroll=0 sG_aS_stopOnOver=1 sG_diashowDelay=0 sG_followImages=1 sG_responsive=1 ]<\/p>\n<p>&nbsp;<\/p>\n","protected":false},"excerpt":{"rendered":"<p>Ce matin, tout le monde a retrouv\u00e9 avec plaisir les seils. Nous avons d&rsquo;abord \u00e9tudi\u00e9 et tent\u00e9 de se rep\u00e9rer sur la carte de navigation de cette partie de l&rsquo;Erdre. Puis, \u00e0 quai et gr\u00e2ce aux explications de Benoit, nous avons pr\u00e9par\u00e9 notre bateau comme de vrais marins, en commen\u00e7ant par\u00a0installer\u00a0les voiles . B\u00f4me, \u00e9coute,<\/p>\n<p><a href=\"https:\/\/coueron-st-symphorien.fr\/?p=2450\" class=\"more-link themebutton\">Lire la suite<\/a><\/p>\n","protected":false},"author":3,"featured_media":0,"comment_status":"closed","ping_status":"closed","sticky":false,"template":"","format":"standard","meta":{"ngg_post_thumbnail":0,"footnotes":""},"categories":[20],"tags":[],"_links":{"self":[{"href":"https:\/\/coueron-st-symphorien.fr\/index.php?rest_route=\/wp\/v2\/posts\/2450"}],"collection":[{"href":"https:\/\/coueron-st-symphorien.fr\/index.php?rest_route=\/wp\/v2\/posts"}],"about":[{"href":"https:\/\/coueron-st-symphorien.fr\/index.php?rest_route=\/wp\/v2\/types\/post"}],"author":[{"embeddable":true,"href":"https:\/\/coueron-st-symphorien.fr\/index.php?rest_route=\/wp\/v2\/users\/3"}],"replies":[{"embeddable":true,"href":"https:\/\/coueron-st-symphorien.fr\/index.php?rest_route=%2Fwp%2Fv2%2Fcomments&post=2450"}],"version-history":[{"count":8,"href":"https:\/\/coueron-st-symphorien.fr\/index.php?rest_route=\/wp\/v2\/posts\/2450\/revisions"}],"predecessor-version":[{"id":2495,"href":"https:\/\/coueron-st-symphorien.fr\/index.php?rest_route=\/wp\/v2\/posts\/2450\/revisions\/2495"}],"wp:attachment":[{"href":"https:\/\/coueron-st-symphorien.fr\/index.php?rest_route=%2Fwp%2Fv2%2Fmedia&parent=2450"}],"wp:term":[{"taxonomy":"category","embeddable":true,"href":"https:\/\/coueron-st-symphorien.fr\/index.php?rest_route=%2Fwp%2Fv2%2Fcategories&post=2450"},{"taxonomy":"post_tag","embeddable":true,"href":"https:\/\/coueron-st-symphorien.fr\/index.php?rest_route=%2Fwp%2Fv2%2Ftags&post=2450"}],"curies":[{"name":"wp","href":"https:\/\/api.w.org\/{rel}","templated":true}]}}