{"id":2442,"date":"2017-05-09T21:17:10","date_gmt":"2017-05-09T20:17:10","guid":{"rendered":"https:\/\/coueron-st-symphorien.fr\/?p=2442"},"modified":"2017-05-10T20:55:06","modified_gmt":"2017-05-10T19:55:06","slug":"semaine-voile-cest-le-jour-1","status":"publish","type":"post","link":"https:\/\/coueron-st-symphorien.fr\/?p=2442","title":{"rendered":"Semaine voile: c&rsquo;est le jour 1 !"},"content":{"rendered":"<p>Aujourd&rsquo;hui, nous avons d\u00fb \u00eatre patients ! Nous avons commenc\u00e9 notre semaine \u00ab\u00a0voile\u00a0\u00bb par une matin\u00e9e de \u00ab\u00a0cours\u00a0\u00bb. Nous avons appris \u00e0 faire quelques n\u0153uds marins (n\u0153ud en huit, n\u0153ud plat et le n\u0153ud p\u00eacheur).<\/p>\n<p>Puis, nous avons partag\u00e9 notre pique-nique\u00a0avec les classes d&rsquo;Aur\u00e9lie et de Nelly. Ils\u00a0nous ont racont\u00e9 leurs aventures de la matin\u00e9e sur l&rsquo;Erdre. Nous avions h\u00e2te de faire nos premiers \u00ab\u00a0pas\u00a0\u00bb nous aussi sur l&rsquo;eau !<\/p>\n<p>Puis le moment est venu de mettre \u00e0 notre tour, nos gilets, coupe-vents\u00a0et pantalons de pluie. Apr\u00e8s quelques explications de Benoit et d&rsquo;Erwan, nos moniteurs, nous sommes mont\u00e9s sur le seil par \u00e9quipage de 5-6 enfants. Nous avons fait quelques exercices d&rsquo;\u00e9quilibre \u00e0 quai et avons vite \u00e9t\u00e9 rassur\u00e9s : ce \u00ab\u00a0gros\u00a0\u00bb bateau est plut\u00f4t stable et nous ne risquions pas de couler ou de tomber \u00e0 l&rsquo;eau !<br \/>\n<iframe loading=\"lazy\" width=\"560\" height=\"315\" src=\"https:\/\/www.youtube.com\/embed\/6RcOZNjoPFc?rel=0\" frameborder=\"0\" allowfullscreen><\/iframe><\/p>\n<p>&nbsp;<\/p>\n<p>Puis, Erwan nous a tract\u00e9s jusqu&rsquo;\u00e0 un coin d&rsquo;eau prot\u00e9g\u00e9 du vent et nous avons appris \u00e0 pagayer, barrer et donc \u00e0 diriger le bateau . Nous avons fait quelques petits jeux (courses et recherches d&rsquo;objets flottants dans l&rsquo;eau). Difficile de se coordonner \u00e0 6 ! Mais nous avons appris \u00e0 \u00eatre solidaires et \u00e0 coop\u00e9rer pour faire avancer le bateau de fa\u00e7on efficace .<\/p>\n<p>Le soleil \u00e9tait au rendez-vous ! Et nous avons pass\u00e9 une tr\u00e8s bonne journ\u00e9e. Vivement demain qu&rsquo;on recommence et qu&rsquo;on essaie avec les voiles ![BMo_scrollGallery id=315 sG_thumbPosition=bottom sG_images=1 duration=slow gallery_width=600 gallery_height=400 thumbs_width=100 thumbs_height=100 sG_caption=1 sG_start=1 sG_loop=1 sG_loopThumbs=1 sG_clickable=1 sG_opacity=40 sG_area=200 sG_scrollSpeed=2 sG_autoScroll=0 sG_aS_stopOnOver=1 sG_diashowDelay=0 sG_followImages=1 sG_responsive=1 ]<\/p>\n<p>&nbsp;<\/p>\n","protected":false},"excerpt":{"rendered":"<p>Aujourd&rsquo;hui, nous avons d\u00fb \u00eatre patients ! Nous avons commenc\u00e9 notre semaine \u00ab\u00a0voile\u00a0\u00bb par une matin\u00e9e de \u00ab\u00a0cours\u00a0\u00bb. Nous avons appris \u00e0 faire quelques n\u0153uds marins (n\u0153ud en huit, n\u0153ud plat et le n\u0153ud p\u00eacheur). Puis, nous avons partag\u00e9 notre pique-nique\u00a0avec les classes d&rsquo;Aur\u00e9lie et de Nelly. Ils\u00a0nous ont racont\u00e9 leurs aventures de la matin\u00e9e<\/p>\n<p><a href=\"https:\/\/coueron-st-symphorien.fr\/?p=2442\" class=\"more-link themebutton\">Lire la suite<\/a><\/p>\n","protected":false},"author":3,"featured_media":0,"comment_status":"closed","ping_status":"closed","sticky":false,"template":"","format":"standard","meta":{"ngg_post_thumbnail":0,"footnotes":""},"categories":[20],"tags":[],"_links":{"self":[{"href":"https:\/\/coueron-st-symphorien.fr\/index.php?rest_route=\/wp\/v2\/posts\/2442"}],"collection":[{"href":"https:\/\/coueron-st-symphorien.fr\/index.php?rest_route=\/wp\/v2\/posts"}],"about":[{"href":"https:\/\/coueron-st-symphorien.fr\/index.php?rest_route=\/wp\/v2\/types\/post"}],"author":[{"embeddable":true,"href":"https:\/\/coueron-st-symphorien.fr\/index.php?rest_route=\/wp\/v2\/users\/3"}],"replies":[{"embeddable":true,"href":"https:\/\/coueron-st-symphorien.fr\/index.php?rest_route=%2Fwp%2Fv2%2Fcomments&post=2442"}],"version-history":[{"count":7,"href":"https:\/\/coueron-st-symphorien.fr\/index.php?rest_route=\/wp\/v2\/posts\/2442\/revisions"}],"predecessor-version":[{"id":2496,"href":"https:\/\/coueron-st-symphorien.fr\/index.php?rest_route=\/wp\/v2\/posts\/2442\/revisions\/2496"}],"wp:attachment":[{"href":"https:\/\/coueron-st-symphorien.fr\/index.php?rest_route=%2Fwp%2Fv2%2Fmedia&parent=2442"}],"wp:term":[{"taxonomy":"category","embeddable":true,"href":"https:\/\/coueron-st-symphorien.fr\/index.php?rest_route=%2Fwp%2Fv2%2Fcategories&post=2442"},{"taxonomy":"post_tag","embeddable":true,"href":"https:\/\/coueron-st-symphorien.fr\/index.php?rest_route=%2Fwp%2Fv2%2Ftags&post=2442"}],"curies":[{"name":"wp","href":"https:\/\/api.w.org\/{rel}","templated":true}]}}