{"id":2392,"date":"2017-04-21T10:30:03","date_gmt":"2017-04-21T09:30:03","guid":{"rendered":"https:\/\/coueron-st-symphorien.fr\/?p=2392"},"modified":"2017-04-21T10:41:19","modified_gmt":"2017-04-21T09:41:19","slug":"nouvelle-fete-du-partage","status":"publish","type":"post","link":"https:\/\/coueron-st-symphorien.fr\/?p=2392","title":{"rendered":"Nouvelle f\u00eate du partage"},"content":{"rendered":"<p>Cela fait des ann\u00e9es que nous sensibilisons les \u00e9l\u00e8ves au partage \u00e0 l&rsquo;approche de P\u00e2ques. Nous avons renouvel\u00e9 l&rsquo;appel \u00e0 partager des denr\u00e9es alimentaires pour les Restos du c\u0153ur mais nous avons modifi\u00e9 les activit\u00e9s propos\u00e9es aux \u00e9l\u00e8ves. \u00a0Il s&rsquo;agissait pour eux\u00a0de partager du bon temps avec leur ange-gardien en r\u00e9alisant des constructions\u00a0de kappla, d\u00e9corant des empreintes de mains, \u00e9changeant un livre, m\u00e9langeant leur photo et lettres de leur pr\u00e9nom, en jouant \u00e0 des jeux de soci\u00e9t\u00e9, en dessinant \u00e0 la craie et en se promenant \u00e0 v\u00e9lo ensemble&#8230;<\/p>\nngg_shortcode_0_placeholder\n<p>La matin\u00e9e a \u00e9t\u00e9 bien remplie!<\/p>\n<p>Merci aux CM1-CM2 qui encadraient les ateliers et aux parents qui se sont rendu disponibles&#8230; nous avions bien besoin d&rsquo;eux!<\/p>\n","protected":false},"excerpt":{"rendered":"<p>Cela fait des ann\u00e9es que nous sensibilisons les \u00e9l\u00e8ves au partage \u00e0 l&rsquo;approche de P\u00e2ques. Nous avons renouvel\u00e9 l&rsquo;appel \u00e0 partager des denr\u00e9es alimentaires pour les Restos du c\u0153ur mais nous avons modifi\u00e9 les activit\u00e9s propos\u00e9es aux \u00e9l\u00e8ves. \u00a0Il s&rsquo;agissait pour eux\u00a0de partager du bon temps avec leur ange-gardien en r\u00e9alisant des constructions\u00a0de kappla, d\u00e9corant<\/p>\n<p><a href=\"https:\/\/coueron-st-symphorien.fr\/?p=2392\" class=\"more-link themebutton\">Lire la suite<\/a><\/p>\n","protected":false},"author":4,"featured_media":0,"comment_status":"closed","ping_status":"closed","sticky":false,"template":"","format":"standard","meta":{"ngg_post_thumbnail":0,"footnotes":""},"categories":[21,13,11],"tags":[],"_links":{"self":[{"href":"https:\/\/coueron-st-symphorien.fr\/index.php?rest_route=\/wp\/v2\/posts\/2392"}],"collection":[{"href":"https:\/\/coueron-st-symphorien.fr\/index.php?rest_route=\/wp\/v2\/posts"}],"about":[{"href":"https:\/\/coueron-st-symphorien.fr\/index.php?rest_route=\/wp\/v2\/types\/post"}],"author":[{"embeddable":true,"href":"https:\/\/coueron-st-symphorien.fr\/index.php?rest_route=\/wp\/v2\/users\/4"}],"replies":[{"embeddable":true,"href":"https:\/\/coueron-st-symphorien.fr\/index.php?rest_route=%2Fwp%2Fv2%2Fcomments&post=2392"}],"version-history":[{"count":4,"href":"https:\/\/coueron-st-symphorien.fr\/index.php?rest_route=\/wp\/v2\/posts\/2392\/revisions"}],"predecessor-version":[{"id":2396,"href":"https:\/\/coueron-st-symphorien.fr\/index.php?rest_route=\/wp\/v2\/posts\/2392\/revisions\/2396"}],"wp:attachment":[{"href":"https:\/\/coueron-st-symphorien.fr\/index.php?rest_route=%2Fwp%2Fv2%2Fmedia&parent=2392"}],"wp:term":[{"taxonomy":"category","embeddable":true,"href":"https:\/\/coueron-st-symphorien.fr\/index.php?rest_route=%2Fwp%2Fv2%2Fcategories&post=2392"},{"taxonomy":"post_tag","embeddable":true,"href":"https:\/\/coueron-st-symphorien.fr\/index.php?rest_route=%2Fwp%2Fv2%2Ftags&post=2392"}],"curies":[{"name":"wp","href":"https:\/\/api.w.org\/{rel}","templated":true}]}}