{"id":2322,"date":"2017-03-29T15:53:36","date_gmt":"2017-03-29T14:53:36","guid":{"rendered":"https:\/\/coueron-st-symphorien.fr\/?p=2322"},"modified":"2017-03-29T16:01:00","modified_gmt":"2017-03-29T15:01:00","slug":"la-fete-des-arts","status":"publish","type":"post","link":"https:\/\/coueron-st-symphorien.fr\/?p=2322","title":{"rendered":"la f\u00eate des arts"},"content":{"rendered":"<p>mercredi 29 mars les enfants de maternelle ce sont retrouv\u00e9s pour une f\u00eate des arts dont le th\u00e8me \u00e9tait: les mots gourmands<\/p>\n<p>au programme: d\u00e9coupage d&rsquo;aliments, collage sur des lettres et r\u00e9alisation de mots choisis par les enfants tel DELICIEUX ou MIAM<\/p>\n<p>merci aux parents qui ont accompagn\u00e9 les enfants<\/p>\nngg_shortcode_0_placeholder\n<p>&nbsp;<\/p>\n","protected":false},"excerpt":{"rendered":"<p>mercredi 29 mars les enfants de maternelle ce sont retrouv\u00e9s pour une f\u00eate des arts dont le th\u00e8me \u00e9tait: les mots gourmands au programme: d\u00e9coupage d&rsquo;aliments, collage sur des lettres et r\u00e9alisation de mots choisis par les enfants tel DELICIEUX ou MIAM merci aux parents qui ont accompagn\u00e9 les enfants &nbsp;<\/p>\n","protected":false},"author":8,"featured_media":0,"comment_status":"closed","ping_status":"closed","sticky":false,"template":"","format":"standard","meta":{"ngg_post_thumbnail":0,"footnotes":""},"categories":[13,11],"tags":[],"_links":{"self":[{"href":"https:\/\/coueron-st-symphorien.fr\/index.php?rest_route=\/wp\/v2\/posts\/2322"}],"collection":[{"href":"https:\/\/coueron-st-symphorien.fr\/index.php?rest_route=\/wp\/v2\/posts"}],"about":[{"href":"https:\/\/coueron-st-symphorien.fr\/index.php?rest_route=\/wp\/v2\/types\/post"}],"author":[{"embeddable":true,"href":"https:\/\/coueron-st-symphorien.fr\/index.php?rest_route=\/wp\/v2\/users\/8"}],"replies":[{"embeddable":true,"href":"https:\/\/coueron-st-symphorien.fr\/index.php?rest_route=%2Fwp%2Fv2%2Fcomments&post=2322"}],"version-history":[{"count":2,"href":"https:\/\/coueron-st-symphorien.fr\/index.php?rest_route=\/wp\/v2\/posts\/2322\/revisions"}],"predecessor-version":[{"id":2324,"href":"https:\/\/coueron-st-symphorien.fr\/index.php?rest_route=\/wp\/v2\/posts\/2322\/revisions\/2324"}],"wp:attachment":[{"href":"https:\/\/coueron-st-symphorien.fr\/index.php?rest_route=%2Fwp%2Fv2%2Fmedia&parent=2322"}],"wp:term":[{"taxonomy":"category","embeddable":true,"href":"https:\/\/coueron-st-symphorien.fr\/index.php?rest_route=%2Fwp%2Fv2%2Fcategories&post=2322"},{"taxonomy":"post_tag","embeddable":true,"href":"https:\/\/coueron-st-symphorien.fr\/index.php?rest_route=%2Fwp%2Fv2%2Ftags&post=2322"}],"curies":[{"name":"wp","href":"https:\/\/api.w.org\/{rel}","templated":true}]}}