{"id":2294,"date":"2017-03-13T21:36:46","date_gmt":"2017-03-13T20:36:46","guid":{"rendered":"https:\/\/coueron-st-symphorien.fr\/?p=2294"},"modified":"2017-03-13T21:36:46","modified_gmt":"2017-03-13T20:36:46","slug":"fete-des-arts","status":"publish","type":"post","link":"https:\/\/coueron-st-symphorien.fr\/?p=2294","title":{"rendered":"F\u00caTE DES ARTS"},"content":{"rendered":"<table style=\"height: 91px;width: 751px\">\n<tbody>\n<tr style=\"height: 203px\">\n<td style=\"width: 741px;height: 203px\"><span style=\"color: #0000ff\">LE DIRECTEUR DE L\u2019\u00c9COLE ST SYMPHORIEN\u00a0 RECHERCHE DES ARCHITECTES POUR IMAGINER ET CONCEVOIR UN AGRANDISSEMENT DE NOS LOCAUX.<\/span><\/p>\n<p><span style=\"color: #0000ff\">NOUS AVONS BESOIN D\u2019\u00c9QUIPES D\u2019ARCHITECTES POUR CE FUTUR PROJET.<\/span><\/p>\n<p><span style=\"color: #0000ff\">LA NOUVELLE \u00c9COLE ACCUEILLERA\u00a0: 4 CLASSES DE MATERNELLE, 2 CLASSES DE CP,<\/span><\/p>\n<p><span style=\"color: #0000ff\">2 SALLES DE MOTRICIT\u00c9, 1 SALLE DE SIESTE, 1 SALLE DE CANTINE.<\/span><\/p>\n<p><span style=\"color: #0000ff\">LE FUTUR B\u00c2TIMENT DEVRA S\u2019INT\u00c9GRER\u00a0 DANS SON QUARTIER.<\/span><\/p>\n<p><span style=\"color: #0000ff\">IL POURRA \u00caTRE CONSTRUIT SUR DEUX NIVEAUX.<\/span><\/p>\n<p><span style=\"color: #0000ff\">LES \u00c9QUIPES DEVRONT PR\u00c9SENTER :<\/span><\/p>\n<p><span style=\"color: #0000ff\">Une maquette en 3D.<\/span><br \/>\n<span style=\"color: #0000ff\"> Un \u00e9crit descriptif du b\u00e2timent. (croquis, dessins)<\/span><\/td>\n<\/tr>\n<\/tbody>\n<\/table>\n<p><span style=\"color: #ff0000\">LE MERCREDI 1 MARS<\/span>, nos \u00e9l\u00e8ves ont re\u00e7u cette annonce! Chacun a retrouv\u00e9 son ange-gardien pour ce temps de partage, d&rsquo;\u00e9change de nos savoirs faire.<\/p>\nngg_shortcode_0_placeholder\nngg_shortcode_1_placeholder\n<p>&nbsp;<\/p>\n<p>&nbsp;<\/p>\n<p>&nbsp;<\/p>\n<p>&nbsp;<\/p>\n<p>&nbsp;<\/p>\n<p>&nbsp;<\/p>\n<p>&nbsp;<\/p>\n<p>&nbsp;<\/p>\n<p>&nbsp;<\/p>\n<p>&nbsp;<\/p>\n","protected":false},"excerpt":{"rendered":"<p>LE DIRECTEUR DE L\u2019\u00c9COLE ST SYMPHORIEN\u00a0 RECHERCHE DES ARCHITECTES POUR IMAGINER ET CONCEVOIR UN AGRANDISSEMENT DE NOS LOCAUX. NOUS AVONS BESOIN D\u2019\u00c9QUIPES D\u2019ARCHITECTES POUR CE FUTUR PROJET. LA NOUVELLE \u00c9COLE ACCUEILLERA\u00a0: 4 CLASSES DE MATERNELLE, 2 CLASSES DE CP, 2 SALLES DE MOTRICIT\u00c9, 1 SALLE DE SIESTE, 1 SALLE DE CANTINE. LE FUTUR B\u00c2TIMENT DEVRA<\/p>\n<p><a href=\"https:\/\/coueron-st-symphorien.fr\/?p=2294\" class=\"more-link themebutton\">Lire la suite<\/a><\/p>\n","protected":false},"author":3,"featured_media":0,"comment_status":"closed","ping_status":"closed","sticky":false,"template":"","format":"standard","meta":{"ngg_post_thumbnail":0,"footnotes":""},"categories":[17,18,19,21,20,22,16,15,5,6,1],"tags":[],"_links":{"self":[{"href":"https:\/\/coueron-st-symphorien.fr\/index.php?rest_route=\/wp\/v2\/posts\/2294"}],"collection":[{"href":"https:\/\/coueron-st-symphorien.fr\/index.php?rest_route=\/wp\/v2\/posts"}],"about":[{"href":"https:\/\/coueron-st-symphorien.fr\/index.php?rest_route=\/wp\/v2\/types\/post"}],"author":[{"embeddable":true,"href":"https:\/\/coueron-st-symphorien.fr\/index.php?rest_route=\/wp\/v2\/users\/3"}],"replies":[{"embeddable":true,"href":"https:\/\/coueron-st-symphorien.fr\/index.php?rest_route=%2Fwp%2Fv2%2Fcomments&post=2294"}],"version-history":[{"count":1,"href":"https:\/\/coueron-st-symphorien.fr\/index.php?rest_route=\/wp\/v2\/posts\/2294\/revisions"}],"predecessor-version":[{"id":2297,"href":"https:\/\/coueron-st-symphorien.fr\/index.php?rest_route=\/wp\/v2\/posts\/2294\/revisions\/2297"}],"wp:attachment":[{"href":"https:\/\/coueron-st-symphorien.fr\/index.php?rest_route=%2Fwp%2Fv2%2Fmedia&parent=2294"}],"wp:term":[{"taxonomy":"category","embeddable":true,"href":"https:\/\/coueron-st-symphorien.fr\/index.php?rest_route=%2Fwp%2Fv2%2Fcategories&post=2294"},{"taxonomy":"post_tag","embeddable":true,"href":"https:\/\/coueron-st-symphorien.fr\/index.php?rest_route=%2Fwp%2Fv2%2Ftags&post=2294"}],"curies":[{"name":"wp","href":"https:\/\/api.w.org\/{rel}","templated":true}]}}