{"id":2285,"date":"2017-03-11T12:44:07","date_gmt":"2017-03-11T11:44:07","guid":{"rendered":"https:\/\/coueron-st-symphorien.fr\/?p=2285"},"modified":"2017-03-11T13:52:13","modified_gmt":"2017-03-11T12:52:13","slug":"l-ecomusee-rural-de-la-paquelais","status":"publish","type":"post","link":"https:\/\/coueron-st-symphorien.fr\/?p=2285","title":{"rendered":"L&rsquo; ECOMUSEE RURAL DE LA PAQUELAIS"},"content":{"rendered":"<p>Apr\u00e8s une pause pique-nique \u00e0 l&rsquo;\u00e9cole, nous sommes partis vers La Paquelais. Arriv\u00e9s \u00e0 l&rsquo;\u00e9comus\u00e9e, Paulette et Marie-Th\u00e9r\u00e8se nous ont accueillis.<\/p>\n<p>Nous avons visit\u00e9 une ancienne maison dans laquelle on a vu des objets d&rsquo;autrefois. Nous avons appris la vie d&rsquo;antan, sans \u00e9lectricit\u00e9 et sans eau dans la maison. C&rsquo;\u00e9tait int\u00e9ressant!<\/p>\n<p>Nous avons eu un atelier de fabrication de pain. Chaque \u00e9l\u00e8ve a p\u00e9tri son p\u00e2ton et l&rsquo;a emmen\u00e9 \u00e0 la maison pour le faire cuire. Les b\u00e9n\u00e9voles du mus\u00e9e nous ont \u00e9galement offert un pain cuit. C&rsquo;\u00e9tait d\u00e9licieux!<\/p>\n<p>Nous avons pass\u00e9 une belle journ\u00e9e!<\/p>\nngg_shortcode_0_placeholder\n","protected":false},"excerpt":{"rendered":"<p>Apr\u00e8s une pause pique-nique \u00e0 l&rsquo;\u00e9cole, nous sommes partis vers La Paquelais. Arriv\u00e9s \u00e0 l&rsquo;\u00e9comus\u00e9e, Paulette et Marie-Th\u00e9r\u00e8se nous ont accueillis. Nous avons visit\u00e9 une ancienne maison dans laquelle on a vu des objets d&rsquo;autrefois. Nous avons appris la vie d&rsquo;antan, sans \u00e9lectricit\u00e9 et sans eau dans la maison. C&rsquo;\u00e9tait int\u00e9ressant! Nous avons eu un<\/p>\n<p><a href=\"https:\/\/coueron-st-symphorien.fr\/?p=2285\" class=\"more-link themebutton\">Lire la suite<\/a><\/p>\n","protected":false},"author":3,"featured_media":0,"comment_status":"closed","ping_status":"closed","sticky":false,"template":"","format":"standard","meta":{"ngg_post_thumbnail":0,"footnotes":""},"categories":[14],"tags":[],"_links":{"self":[{"href":"https:\/\/coueron-st-symphorien.fr\/index.php?rest_route=\/wp\/v2\/posts\/2285"}],"collection":[{"href":"https:\/\/coueron-st-symphorien.fr\/index.php?rest_route=\/wp\/v2\/posts"}],"about":[{"href":"https:\/\/coueron-st-symphorien.fr\/index.php?rest_route=\/wp\/v2\/types\/post"}],"author":[{"embeddable":true,"href":"https:\/\/coueron-st-symphorien.fr\/index.php?rest_route=\/wp\/v2\/users\/3"}],"replies":[{"embeddable":true,"href":"https:\/\/coueron-st-symphorien.fr\/index.php?rest_route=%2Fwp%2Fv2%2Fcomments&post=2285"}],"version-history":[{"count":2,"href":"https:\/\/coueron-st-symphorien.fr\/index.php?rest_route=\/wp\/v2\/posts\/2285\/revisions"}],"predecessor-version":[{"id":2287,"href":"https:\/\/coueron-st-symphorien.fr\/index.php?rest_route=\/wp\/v2\/posts\/2285\/revisions\/2287"}],"wp:attachment":[{"href":"https:\/\/coueron-st-symphorien.fr\/index.php?rest_route=%2Fwp%2Fv2%2Fmedia&parent=2285"}],"wp:term":[{"taxonomy":"category","embeddable":true,"href":"https:\/\/coueron-st-symphorien.fr\/index.php?rest_route=%2Fwp%2Fv2%2Fcategories&post=2285"},{"taxonomy":"post_tag","embeddable":true,"href":"https:\/\/coueron-st-symphorien.fr\/index.php?rest_route=%2Fwp%2Fv2%2Ftags&post=2285"}],"curies":[{"name":"wp","href":"https:\/\/api.w.org\/{rel}","templated":true}]}}