{"id":2214,"date":"2017-02-12T11:08:34","date_gmt":"2017-02-12T10:08:34","guid":{"rendered":"https:\/\/coueron-st-symphorien.fr\/?p=2214"},"modified":"2017-02-12T11:10:06","modified_gmt":"2017-02-12T10:10:06","slug":"les-locataires-de-fevrier","status":"publish","type":"post","link":"https:\/\/coueron-st-symphorien.fr\/?p=2214","title":{"rendered":"LES LOCATAIRES DE F\u00c9VRIER"},"content":{"rendered":"<p>C&rsquo;est Maxence et Ewen qui ont souffl\u00e9 leurs bougies en f\u00e9vrier.<\/p>\nngg_shortcode_0_placeholder\n<p><strong>LES LOCATAIRES DE F\u00c9VRIER <\/strong>Maxence<\/p>\n<p>J\u2019ai dans mon placard<\/p>\n<p>C\u2019est\u00a0 Bazar\u00a0!<\/p>\n<p>Un serpent<\/p>\n<p>Qui s\u2019appelle Tarzan.<\/p>\n<p>J\u2019ai dans ma piscine<\/p>\n<p>\u00c7a me terrorise\u00a0!<\/p>\n<p>Un renard<\/p>\n<p>Du nom de Balthazar.<\/p>\n<p>J\u2019ai dans mon c\u0153ur<\/p>\n<p>Mon Dieu, quelle peur\u00a0!<\/p>\n<p>Une \u00e9pine<\/p>\n<p>Nomm\u00e9e Cl\u00e9mentine.<\/p>\n<p>Mais pour moi le pire,<\/p>\n<p>C\u2019est\u00a0 dans l\u2019\u00e9glise<\/p>\n<p>D\u2019avoir un Elise<\/p>\n<p>Assise sur la banquise.<\/p>\n<p>La classe CP\/CE1<\/p>\n<p><strong>LES LOCATAIRES DE F\u00c9VRIER <\/strong>Ewen<\/p>\n<p>J\u2019ai sur mes cheveux.<\/p>\n<p>Quel horreur\u00a0!<\/p>\n<p>Un POU<\/p>\n<p>Qui s\u2019appelle Lou.<\/p>\n<p>J\u2019ai dans mon cou<\/p>\n<p>Quel d\u00e9go\u00fbt\u00a0!<\/p>\n<p>Une Mygale<\/p>\n<p>Log\u00e9 au Bengale.<\/p>\n<p>J\u2019ai dans ma corbeille<\/p>\n<p>Mon Dieu, quelle merveille\u00a0!<\/p>\n<p>Une abeille<\/p>\n<p>Nomm\u00e9e Mireille.<\/p>\n<p>Mais pour moi le pire,<\/p>\n<p>C\u2019est les cauchemars<\/p>\n<p>Lorsqu\u2019il fait noir<\/p>\n<p>Dans mon placard.<\/p>\n<p>Classe de CP\/CE1 2016\/2017<\/p>\n<p>&nbsp;<\/p>\n","protected":false},"excerpt":{"rendered":"<p>C&rsquo;est Maxence et Ewen qui ont souffl\u00e9 leurs bougies en f\u00e9vrier. LES LOCATAIRES DE F\u00c9VRIER Maxence J\u2019ai dans mon placard C\u2019est\u00a0 Bazar\u00a0! Un serpent Qui s\u2019appelle Tarzan. J\u2019ai dans ma piscine \u00c7a me terrorise\u00a0! Un renard Du nom de Balthazar. J\u2019ai dans mon c\u0153ur Mon Dieu, quelle peur\u00a0! Une \u00e9pine Nomm\u00e9e Cl\u00e9mentine. Mais pour moi<\/p>\n<p><a href=\"https:\/\/coueron-st-symphorien.fr\/?p=2214\" class=\"more-link themebutton\">Lire la suite<\/a><\/p>\n","protected":false},"author":3,"featured_media":0,"comment_status":"closed","ping_status":"closed","sticky":false,"template":"","format":"standard","meta":{"ngg_post_thumbnail":0,"footnotes":""},"categories":[18,5],"tags":[],"_links":{"self":[{"href":"https:\/\/coueron-st-symphorien.fr\/index.php?rest_route=\/wp\/v2\/posts\/2214"}],"collection":[{"href":"https:\/\/coueron-st-symphorien.fr\/index.php?rest_route=\/wp\/v2\/posts"}],"about":[{"href":"https:\/\/coueron-st-symphorien.fr\/index.php?rest_route=\/wp\/v2\/types\/post"}],"author":[{"embeddable":true,"href":"https:\/\/coueron-st-symphorien.fr\/index.php?rest_route=\/wp\/v2\/users\/3"}],"replies":[{"embeddable":true,"href":"https:\/\/coueron-st-symphorien.fr\/index.php?rest_route=%2Fwp%2Fv2%2Fcomments&post=2214"}],"version-history":[{"count":2,"href":"https:\/\/coueron-st-symphorien.fr\/index.php?rest_route=\/wp\/v2\/posts\/2214\/revisions"}],"predecessor-version":[{"id":2216,"href":"https:\/\/coueron-st-symphorien.fr\/index.php?rest_route=\/wp\/v2\/posts\/2214\/revisions\/2216"}],"wp:attachment":[{"href":"https:\/\/coueron-st-symphorien.fr\/index.php?rest_route=%2Fwp%2Fv2%2Fmedia&parent=2214"}],"wp:term":[{"taxonomy":"category","embeddable":true,"href":"https:\/\/coueron-st-symphorien.fr\/index.php?rest_route=%2Fwp%2Fv2%2Fcategories&post=2214"},{"taxonomy":"post_tag","embeddable":true,"href":"https:\/\/coueron-st-symphorien.fr\/index.php?rest_route=%2Fwp%2Fv2%2Ftags&post=2214"}],"curies":[{"name":"wp","href":"https:\/\/api.w.org\/{rel}","templated":true}]}}