{"id":2208,"date":"2017-02-11T17:49:43","date_gmt":"2017-02-11T16:49:43","guid":{"rendered":"https:\/\/coueron-st-symphorien.fr\/?p=2208"},"modified":"2017-02-12T11:03:52","modified_gmt":"2017-02-12T10:03:52","slug":"locataires-de-janvier","status":"publish","type":"post","link":"https:\/\/coueron-st-symphorien.fr\/?p=2208","title":{"rendered":"LOCATAIRES DE JANVIER !"},"content":{"rendered":"<p>Voici quelques photos de ce bon moment de vie de classe. En suppl\u00e9ment les textes \u00e9crits pour les heureux \u00e9lus!<\/p>\n<p>Bonne lecture!<\/p>\nngg_shortcode_0_placeholder\n<p><strong>LE LOCATAIRE DE JANVIER \u00a0<\/strong><strong>Manon <\/strong><\/p>\n<p>J\u2019ai dans ma <strong>maison<\/strong><\/p>\n<p>Quelle \u00e9motion\u00a0!<\/p>\n<p>Un cam\u00e9l\u00e9on<\/p>\n<p>Qui s\u2019appelle pompon<\/p>\n<p>J\u2019ai dans mon <strong>horloge <\/strong><\/p>\n<p>\u00c7a me terrorise\u00a0!<\/p>\n<p>Un oiseau blanc<\/p>\n<p>Du nom d\u2019Alban<\/p>\n<p>J\u2019ai dans ma capuche<\/p>\n<p>Mon Dieu, quelle embuche!<\/p>\n<p>Un <strong>requin<\/strong><\/p>\n<p>Nomm\u00e9 Martin<\/p>\n<p>Mais pour moi le pire,<\/p>\n<p>C\u2019est sous ma chaise<\/p>\n<p>D\u2019avoir une \u00a0petite punaise<\/p>\n<p>Qui file \u00e0 l\u2019anglaise.<\/p>\n<p>La classe CP\/CE1<\/p>\n<p>2016\/2017<\/p>\n<p><strong>LE LOCATAIRE DE JANVIER \u00a0<\/strong><strong>LEA <\/strong><\/p>\n<p>J\u2019ai dans ma <strong>boite<\/strong><\/p>\n<p>Mon Dieu, quelle histoire\u00a0!<\/p>\n<p>Un tric\u00e9ratops<\/p>\n<p>Qui s\u2019appelle STOP.<\/p>\n<p>J\u2019ai sur mon <strong>traineau<\/strong><\/p>\n<p>Oh, oh, oh&#8230;\u00a0!<\/p>\n<p>Un l\u00e9opard<\/p>\n<p>Du nom de Gaspard.<\/p>\n<p>J\u2019ai dans ma chambre<\/p>\n<p>Quelle horreur\u00a0!<\/p>\n<p>Un <strong>renard<\/strong><\/p>\n<p>Nomm\u00e9 C\u00e9sar.<\/p>\n<p>Mais pour moi le pire,<\/p>\n<p>C\u2019est sous mon bureau<\/p>\n<p>D\u2019avoir un corbeau<\/p>\n<p>Log\u00e9 \u00e0 Bordeaux.<\/p>\n<p>La classe CP\/CE1<\/p>\n<p>2016\/2017<\/p>\n<p><strong>LE LOCATAIRE DE JANVIER\u00a0 <\/strong><strong>Ma\u00ebl <\/strong><\/p>\n<p>J\u2019ai dans mon <strong>c\u0153ur<\/strong>.<\/p>\n<p>Que du bonheur\u00a0!<\/p>\n<p>Une louve<\/p>\n<p>Qui s\u2019appelle \u00a0LYLOU.<\/p>\n<p>J\u2019ai dans la <strong>for\u00eat <\/strong><\/p>\n<p>C\u2019est chouette\u00a0!<\/p>\n<p>Un l\u00e9opard<\/p>\n<p>Du nom de Bernard.<\/p>\n<p>J\u2019ai dans mon classeur<\/p>\n<p>Quelle terreur\u00a0!<\/p>\n<p>Un <strong>tyrannosaure <\/strong><\/p>\n<p>Nomm\u00e9 Hector.<\/p>\n<p>Mais pour moi le pire,<\/p>\n<p>C\u2019est sous mon lit<\/p>\n<p>D\u2019avoir une souris<\/p>\n<p>Log\u00e9 \u00e0 Paris.<\/p>\n<p>La classe CP\/CE1<\/p>\n<p>2016\/2017<\/p>\n<p><strong>LE LOCATAIRE DE JANVIER\u00a0 <\/strong><strong>Ana\u00efs <\/strong><\/p>\n<p>J\u2019ai dans ma <strong>piscine<\/strong><\/p>\n<p>C\u2019est \u00e9pouvantable\u00a0!<\/p>\n<p>Un rhinoc\u00e9ros<\/p>\n<p>Qui s\u2019appelle BOS.<\/p>\n<p>J\u2019ai dans mon armoire<\/p>\n<p>Quel d\u00e9sespoir\u00a0!<\/p>\n<p>Un\u00a0 diplodocus<\/p>\n<p>Du nom de Spartacus.<\/p>\n<p>J\u2019ai dans mon bac<\/p>\n<p>Mon Dieu, quel \u00ab\u00a0<em>patatrac<\/em>\u00a0\u00bb !<\/p>\n<p>Un <strong>fant\u00f4me <\/strong><\/p>\n<p>Nomm\u00e9 J\u00e9r\u00f4me.<\/p>\n<p>Mais pour moi le pire,<\/p>\n<p>C\u2019est sous mon lit<\/p>\n<p>D\u2019avoir une momie<\/p>\n<p>Qui danse le sirtaki<\/p>\n<p>La classe CP\/CE1<\/p>\n<p>2016\/201<\/p>\n<p>&nbsp;<\/p>\n","protected":false},"excerpt":{"rendered":"<p>Voici quelques photos de ce bon moment de vie de classe. En suppl\u00e9ment les textes \u00e9crits pour les heureux \u00e9lus! Bonne lecture! LE LOCATAIRE DE JANVIER \u00a0Manon J\u2019ai dans ma maison Quelle \u00e9motion\u00a0! Un cam\u00e9l\u00e9on Qui s\u2019appelle pompon J\u2019ai dans mon horloge \u00c7a me terrorise\u00a0! Un oiseau blanc Du nom d\u2019Alban J\u2019ai dans ma capuche<\/p>\n<p><a href=\"https:\/\/coueron-st-symphorien.fr\/?p=2208\" class=\"more-link themebutton\">Lire la suite<\/a><\/p>\n","protected":false},"author":3,"featured_media":0,"comment_status":"closed","ping_status":"closed","sticky":false,"template":"","format":"standard","meta":{"ngg_post_thumbnail":0,"footnotes":""},"categories":[16,5],"tags":[],"_links":{"self":[{"href":"https:\/\/coueron-st-symphorien.fr\/index.php?rest_route=\/wp\/v2\/posts\/2208"}],"collection":[{"href":"https:\/\/coueron-st-symphorien.fr\/index.php?rest_route=\/wp\/v2\/posts"}],"about":[{"href":"https:\/\/coueron-st-symphorien.fr\/index.php?rest_route=\/wp\/v2\/types\/post"}],"author":[{"embeddable":true,"href":"https:\/\/coueron-st-symphorien.fr\/index.php?rest_route=\/wp\/v2\/users\/3"}],"replies":[{"embeddable":true,"href":"https:\/\/coueron-st-symphorien.fr\/index.php?rest_route=%2Fwp%2Fv2%2Fcomments&post=2208"}],"version-history":[{"count":4,"href":"https:\/\/coueron-st-symphorien.fr\/index.php?rest_route=\/wp\/v2\/posts\/2208\/revisions"}],"predecessor-version":[{"id":2213,"href":"https:\/\/coueron-st-symphorien.fr\/index.php?rest_route=\/wp\/v2\/posts\/2208\/revisions\/2213"}],"wp:attachment":[{"href":"https:\/\/coueron-st-symphorien.fr\/index.php?rest_route=%2Fwp%2Fv2%2Fmedia&parent=2208"}],"wp:term":[{"taxonomy":"category","embeddable":true,"href":"https:\/\/coueron-st-symphorien.fr\/index.php?rest_route=%2Fwp%2Fv2%2Fcategories&post=2208"},{"taxonomy":"post_tag","embeddable":true,"href":"https:\/\/coueron-st-symphorien.fr\/index.php?rest_route=%2Fwp%2Fv2%2Ftags&post=2208"}],"curies":[{"name":"wp","href":"https:\/\/api.w.org\/{rel}","templated":true}]}}