{"id":21570,"date":"2020-03-16T19:16:52","date_gmt":"2020-03-16T18:16:52","guid":{"rendered":"https:\/\/coueron-st-symphorien.fr\/?p=21570"},"modified":"2020-03-16T19:16:52","modified_gmt":"2020-03-16T18:16:52","slug":"conference-dagnes-dutheil","status":"publish","type":"post","link":"https:\/\/coueron-st-symphorien.fr\/?p=21570","title":{"rendered":"Conf\u00e9rence d\u2019Agn\u00e8s Dutheil"},"content":{"rendered":"<div dir=\"ltr\">\n<div>\n<div id=\"yiv5505234157ydp3fb9c1fayiv6263349011ydpfcd26e18yiv2834516545yqt23071\">\n<div dir=\"ltr\">\n<div>\n<div dir=\"ltr\">\n<div dir=\"ltr\">\n<h5 style=\"text-align: center\">&nbsp;Conf\u00e9rence d\u2019Agn\u00e8s Dutheil du 11 mars 2020<\/h5>\n<h5 style=\"text-align: center\">organis\u00e9e \u00e0 la salle de l\u2019estuaire \u00e0 Cou\u00ebron par l\u2019Apel St-Symphorien et les Ape Jean Zay et Marcel Gouzil.<\/h5>\n<h5 style=\"text-align: center\">***<\/h5>\n<h5><a href=\"https:\/\/coueron-st-symphorien.fr\/wp-content\/uploads\/2020\/03\/photo4.jpg\"><img loading=\"lazy\" decoding=\"async\" class=\"aligncenter\" src=\"https:\/\/coueron-st-symphorien.fr\/wp-content\/uploads\/2020\/03\/photo4-300x225.jpg\" alt=\"\" width=\"300\" height=\"225\"><\/a><\/h5>\n<h5 style=\"text-align: center\">Nous avons eu grand plaisir \u00e0 accueillir et \u00e0 \u00e9changer avec Agn\u00e8s Dutheil lors de sa conf\u00e9rence sur le th\u00e8me<\/h5>\n<h5 style=\"text-align: center\"><em>\u00ab&nbsp;punition, sanction, r\u00e9paration, vers une autorit\u00e9 positive \u00bb.<\/em><\/h5>\n<\/div>\n<p><a href=\"https:\/\/coueron-st-symphorien.fr\/wp-content\/uploads\/2020\/03\/photo3.jpg\"><img loading=\"lazy\" decoding=\"async\" class=\"aligncenter\" src=\"https:\/\/coueron-st-symphorien.fr\/wp-content\/uploads\/2020\/03\/photo3-300x230.jpg\" alt=\"\" width=\"359\" height=\"275\"><\/a><\/p>\n<h5><a href=\"https:\/\/coueron-st-symphorien.fr\/wp-content\/uploads\/2020\/03\/photo4.jpg\"><img loading=\"lazy\" decoding=\"async\" class=\"aligncenter\" src=\"https:\/\/coueron-st-symphorien.fr\/wp-content\/uploads\/2020\/03\/photo1-300x242.jpg\" alt=\"\" width=\"352\" height=\"284\"><\/a><\/h5>\n<div dir=\"ltr\">\n<h5>M\u00e8re de 5 enfants, infirmi\u00e8re de m\u00e9tier et formatrice, elle a r\u00e9ussi \u00e0 d\u00e9velopper de mani\u00e8re constructive et anecdotique des outils simples, concrets et efficaces issus de la psychologie positive de l\u2019\u00e9ducation bienveillante et non-violente avec l\u2019enfant.<\/h5>\n<h5>Vous pouvez la retrouver sur les r\u00e9seaux sociaux :&nbsp;<a href=\"https:\/\/www.agnesdutheil.fr\/\" target=\"_blank\" rel=\"nofollow noopener noreferrer\">https:\/\/www.agnesdutheil.fr\/<\/a>&nbsp;cha\u00eene YouTube : Agn\u00e8s Dutheil \/ page facebook :&nbsp;<a href=\"https:\/\/fr-fr.facebook.com\/agnes.dutheil\/\" target=\"_blank\" rel=\"nofollow noopener noreferrer\">https:\/\/fr-fr.facebook.com\/agnes.dutheil\/<\/a>).<\/h5>\n<h5><a href=\"https:\/\/coueron-st-symphorien.fr\/wp-content\/uploads\/2020\/03\/photo2.jpg\"><img loading=\"lazy\" decoding=\"async\" class=\"aligncenter\" src=\"https:\/\/coueron-st-symphorien.fr\/wp-content\/uploads\/2020\/03\/photo2-300x217.jpg\" alt=\"\" width=\"311\" height=\"225\"><\/a><\/h5>\n<\/div>\n<\/div>\n<div dir=\"ltr\">&nbsp;<\/div>\n<\/div>\n<\/div>\n<\/div>\n<\/div>\n<\/div>\n","protected":false},"excerpt":{"rendered":"<p>&nbsp;Conf\u00e9rence d\u2019Agn\u00e8s Dutheil du 11 mars 2020 organis\u00e9e \u00e0 la salle de l\u2019estuaire \u00e0 Cou\u00ebron par l\u2019Apel St-Symphorien et les Ape Jean Zay et Marcel Gouzil. *** Nous avons eu grand plaisir \u00e0 accueillir et \u00e0 \u00e9changer avec Agn\u00e8s Dutheil lors de sa conf\u00e9rence sur le th\u00e8me \u00ab&nbsp;punition, sanction, r\u00e9paration, vers une autorit\u00e9 positive \u00bb.<\/p>\n<p><a href=\"https:\/\/coueron-st-symphorien.fr\/?p=21570\" class=\"more-link themebutton\">Lire la suite<\/a><\/p>\n","protected":false},"author":21,"featured_media":0,"comment_status":"closed","ping_status":"closed","sticky":false,"template":"","format":"standard","meta":{"ngg_post_thumbnail":0,"footnotes":""},"categories":[7],"tags":[],"_links":{"self":[{"href":"https:\/\/coueron-st-symphorien.fr\/index.php?rest_route=\/wp\/v2\/posts\/21570"}],"collection":[{"href":"https:\/\/coueron-st-symphorien.fr\/index.php?rest_route=\/wp\/v2\/posts"}],"about":[{"href":"https:\/\/coueron-st-symphorien.fr\/index.php?rest_route=\/wp\/v2\/types\/post"}],"author":[{"embeddable":true,"href":"https:\/\/coueron-st-symphorien.fr\/index.php?rest_route=\/wp\/v2\/users\/21"}],"replies":[{"embeddable":true,"href":"https:\/\/coueron-st-symphorien.fr\/index.php?rest_route=%2Fwp%2Fv2%2Fcomments&post=21570"}],"version-history":[{"count":10,"href":"https:\/\/coueron-st-symphorien.fr\/index.php?rest_route=\/wp\/v2\/posts\/21570\/revisions"}],"predecessor-version":[{"id":21584,"href":"https:\/\/coueron-st-symphorien.fr\/index.php?rest_route=\/wp\/v2\/posts\/21570\/revisions\/21584"}],"wp:attachment":[{"href":"https:\/\/coueron-st-symphorien.fr\/index.php?rest_route=%2Fwp%2Fv2%2Fmedia&parent=21570"}],"wp:term":[{"taxonomy":"category","embeddable":true,"href":"https:\/\/coueron-st-symphorien.fr\/index.php?rest_route=%2Fwp%2Fv2%2Fcategories&post=21570"},{"taxonomy":"post_tag","embeddable":true,"href":"https:\/\/coueron-st-symphorien.fr\/index.php?rest_route=%2Fwp%2Fv2%2Ftags&post=21570"}],"curies":[{"name":"wp","href":"https:\/\/api.w.org\/{rel}","templated":true}]}}