{"id":20690,"date":"2020-02-05T21:31:30","date_gmt":"2020-02-05T20:31:30","guid":{"rendered":"https:\/\/coueron-st-symphorien.fr\/?p=20690"},"modified":"2020-02-12T13:49:25","modified_gmt":"2020-02-12T12:49:25","slug":"la-lecture-des-grands-reprend","status":"publish","type":"post","link":"https:\/\/coueron-st-symphorien.fr\/?p=20690","title":{"rendered":"La lecture des grands reprend!"},"content":{"rendered":"<p>Les grands \u00e9taient attendus avec impatience en ce lundi 4 f\u00e9vrier. En effet, c&rsquo;\u00e9tait au tour de la classe de Ce2 d&rsquo;Aur\u00e9lie de nous faire d\u00e9couvrir la nouvelle s\u00e9rie d\u2019albums de jeunesse. Ce fut l\u2019occasion pour certaines fratries de se retrouver le temps d\u2019une histoire : Charly et L\u00e9ni puis Benjamin et Lucas !&nbsp;<\/p>\n<p>ngg_shortcode_0_placeholderngg_shortcode_1_placeholder<\/p>\n","protected":false},"excerpt":{"rendered":"<p>Les grands \u00e9taient attendus avec impatience en ce lundi 4 f\u00e9vrier. En effet, c&rsquo;\u00e9tait au tour de la classe de Ce2 d&rsquo;Aur\u00e9lie de nous faire d\u00e9couvrir la nouvelle s\u00e9rie d\u2019albums de jeunesse. Ce fut l\u2019occasion pour certaines fratries de se retrouver le temps d\u2019une histoire : Charly et L\u00e9ni puis Benjamin et Lucas !&nbsp;<\/p>\n","protected":false},"author":19,"featured_media":0,"comment_status":"closed","ping_status":"closed","sticky":false,"template":"","format":"standard","meta":{"ngg_post_thumbnail":0,"footnotes":""},"categories":[19,75],"tags":[],"_links":{"self":[{"href":"https:\/\/coueron-st-symphorien.fr\/index.php?rest_route=\/wp\/v2\/posts\/20690"}],"collection":[{"href":"https:\/\/coueron-st-symphorien.fr\/index.php?rest_route=\/wp\/v2\/posts"}],"about":[{"href":"https:\/\/coueron-st-symphorien.fr\/index.php?rest_route=\/wp\/v2\/types\/post"}],"author":[{"embeddable":true,"href":"https:\/\/coueron-st-symphorien.fr\/index.php?rest_route=\/wp\/v2\/users\/19"}],"replies":[{"embeddable":true,"href":"https:\/\/coueron-st-symphorien.fr\/index.php?rest_route=%2Fwp%2Fv2%2Fcomments&post=20690"}],"version-history":[{"count":4,"href":"https:\/\/coueron-st-symphorien.fr\/index.php?rest_route=\/wp\/v2\/posts\/20690\/revisions"}],"predecessor-version":[{"id":20750,"href":"https:\/\/coueron-st-symphorien.fr\/index.php?rest_route=\/wp\/v2\/posts\/20690\/revisions\/20750"}],"wp:attachment":[{"href":"https:\/\/coueron-st-symphorien.fr\/index.php?rest_route=%2Fwp%2Fv2%2Fmedia&parent=20690"}],"wp:term":[{"taxonomy":"category","embeddable":true,"href":"https:\/\/coueron-st-symphorien.fr\/index.php?rest_route=%2Fwp%2Fv2%2Fcategories&post=20690"},{"taxonomy":"post_tag","embeddable":true,"href":"https:\/\/coueron-st-symphorien.fr\/index.php?rest_route=%2Fwp%2Fv2%2Ftags&post=20690"}],"curies":[{"name":"wp","href":"https:\/\/api.w.org\/{rel}","templated":true}]}}