{"id":20559,"date":"2020-01-27T21:16:51","date_gmt":"2020-01-27T20:16:51","guid":{"rendered":"https:\/\/coueron-st-symphorien.fr\/?p=20559"},"modified":"2020-01-27T21:16:51","modified_gmt":"2020-01-27T20:16:51","slug":"premiere-assemblee-decole-pleniere","status":"publish","type":"post","link":"https:\/\/coueron-st-symphorien.fr\/?p=20559","title":{"rendered":"Premi\u00e8re assembl\u00e9e d&rsquo;\u00e9cole pl\u00e9ni\u00e8re"},"content":{"rendered":"<p>Ce matin, lundi 27 janvier 2020 nous \u00e9tions heureux de nous retrouver pour la premi\u00e8re fois en assembl\u00e9e d&rsquo;\u00e9cole avec toutes les classes de la petite section au CM2. C&rsquo;est la r\u00e9union des deux \u00e9coles, maternelle et primaire, sur le m\u00eame site, qui a permis d&rsquo;organiser cette grande assembl\u00e9e. Chaque \u00e9l\u00e8ve a retrouv\u00e9 son ange-gardien pour se d\u00e9placer. Les 320 \u00e9l\u00e8ves se sont donc r\u00e9unis dans la salle Boullery (salle de sport en face de l&rsquo;\u00e9cole) pour que chaque classe expose son projet d&rsquo;ann\u00e9e. Les \u00e9l\u00e8ves de maternelle nous ont pr\u00e9sent\u00e9 leur projet sur les animaux, leurs mascottes, les livres sur lesquels ils travaillent, la pi\u00e8ce de th\u00e9\u00e2tre qu&rsquo;ils sont all\u00e9s voir. Les \u00e9l\u00e8ves de CP et CE nous ont parl\u00e9 de leur classe d\u00e9couverte \u00e0 Pr\u00e9failles et nous ont pr\u00e9sent\u00e9 quelques ateliers th\u00e9\u00e2tre. Les \u00e9l\u00e8ves de CM nous ont pr\u00e9sent\u00e9 leur projet th\u00e9\u00e2tre avec entre autre le travail sur les fables ainsi que le travail sur Charlie Chaplin. Tous les \u00e9l\u00e8ves ont \u00e9t\u00e9 tr\u00e8s attentifs : f\u00e9licitations !!<\/p>\nngg_shortcode_0_placeholder\n","protected":false},"excerpt":{"rendered":"<p>Ce matin, lundi 27 janvier 2020 nous \u00e9tions heureux de nous retrouver pour la premi\u00e8re fois en assembl\u00e9e d&rsquo;\u00e9cole avec toutes les classes de la petite section au CM2. C&rsquo;est la r\u00e9union des deux \u00e9coles, maternelle et primaire, sur le m\u00eame site, qui a permis d&rsquo;organiser cette grande assembl\u00e9e. Chaque \u00e9l\u00e8ve a retrouv\u00e9 son ange-gardien<\/p>\n<p><a href=\"https:\/\/coueron-st-symphorien.fr\/?p=20559\" class=\"more-link themebutton\">Lire la suite<\/a><\/p>\n","protected":false},"author":6,"featured_media":0,"comment_status":"closed","ping_status":"closed","sticky":false,"template":"","format":"standard","meta":{"ngg_post_thumbnail":0,"footnotes":""},"categories":[17,18,19,21,20,22,16,15,5,6,14,13,75,12,11],"tags":[],"_links":{"self":[{"href":"https:\/\/coueron-st-symphorien.fr\/index.php?rest_route=\/wp\/v2\/posts\/20559"}],"collection":[{"href":"https:\/\/coueron-st-symphorien.fr\/index.php?rest_route=\/wp\/v2\/posts"}],"about":[{"href":"https:\/\/coueron-st-symphorien.fr\/index.php?rest_route=\/wp\/v2\/types\/post"}],"author":[{"embeddable":true,"href":"https:\/\/coueron-st-symphorien.fr\/index.php?rest_route=\/wp\/v2\/users\/6"}],"replies":[{"embeddable":true,"href":"https:\/\/coueron-st-symphorien.fr\/index.php?rest_route=%2Fwp%2Fv2%2Fcomments&post=20559"}],"version-history":[{"count":2,"href":"https:\/\/coueron-st-symphorien.fr\/index.php?rest_route=\/wp\/v2\/posts\/20559\/revisions"}],"predecessor-version":[{"id":20590,"href":"https:\/\/coueron-st-symphorien.fr\/index.php?rest_route=\/wp\/v2\/posts\/20559\/revisions\/20590"}],"wp:attachment":[{"href":"https:\/\/coueron-st-symphorien.fr\/index.php?rest_route=%2Fwp%2Fv2%2Fmedia&parent=20559"}],"wp:term":[{"taxonomy":"category","embeddable":true,"href":"https:\/\/coueron-st-symphorien.fr\/index.php?rest_route=%2Fwp%2Fv2%2Fcategories&post=20559"},{"taxonomy":"post_tag","embeddable":true,"href":"https:\/\/coueron-st-symphorien.fr\/index.php?rest_route=%2Fwp%2Fv2%2Ftags&post=20559"}],"curies":[{"name":"wp","href":"https:\/\/api.w.org\/{rel}","templated":true}]}}