{"id":19854,"date":"2020-01-09T14:16:45","date_gmt":"2020-01-09T13:16:45","guid":{"rendered":"https:\/\/coueron-st-symphorien.fr\/?p=19854"},"modified":"2020-01-09T14:16:45","modified_gmt":"2020-01-09T13:16:45","slug":"jaime-la-galette","status":"publish","type":"post","link":"https:\/\/coueron-st-symphorien.fr\/?p=19854","title":{"rendered":"J&rsquo;aime la galette !"},"content":{"rendered":"<p>Aujourd&rsquo;hui, nous avons eu la joie de partager un moment convivial entre anges-gardiens. Coiff\u00e9s de leurs plus belles couronnes, les PS ont accueilli les CM2 pour se souhaiter une bonne ann\u00e9e 2020 ! Nous avons pris le temps de regarder une vid\u00e9o sur l&rsquo;Epiphanie et manger une part de galette tous ensemble.&nbsp;<\/p>\n<p>Les CM2 et les PS vous souhaitent une belle ann\u00e9e !<\/p>\n<p><a href=\"https:\/\/coueron-st-symphorien.fr\/wp-content\/uploads\/2020\/01\/RIMG0060.jpg\"><img loading=\"lazy\" decoding=\"async\" class=\"size-medium wp-image-19855\" src=\"https:\/\/coueron-st-symphorien.fr\/wp-content\/uploads\/2020\/01\/RIMG0060-300x225.jpg\" alt=\"\" width=\"300\" height=\"225\" srcset=\"https:\/\/coueron-st-symphorien.fr\/wp-content\/uploads\/2020\/01\/RIMG0060-300x225.jpg 300w, https:\/\/coueron-st-symphorien.fr\/wp-content\/uploads\/2020\/01\/RIMG0060-1024x768.jpg 1024w, https:\/\/coueron-st-symphorien.fr\/wp-content\/uploads\/2020\/01\/RIMG0060-768x576.jpg 768w, https:\/\/coueron-st-symphorien.fr\/wp-content\/uploads\/2020\/01\/RIMG0060.jpg 1280w\" sizes=\"(max-width: 300px) 100vw, 300px\" \/><\/a><\/p>\n<p><a href=\"https:\/\/coueron-st-symphorien.fr\/wp-content\/uploads\/2020\/01\/RIMG0063.jpg\"><img loading=\"lazy\" decoding=\"async\" class=\"size-medium wp-image-19857\" src=\"https:\/\/coueron-st-symphorien.fr\/wp-content\/uploads\/2020\/01\/RIMG0063-300x225.jpg\" alt=\"\" width=\"300\" height=\"225\" srcset=\"https:\/\/coueron-st-symphorien.fr\/wp-content\/uploads\/2020\/01\/RIMG0063-300x225.jpg 300w, https:\/\/coueron-st-symphorien.fr\/wp-content\/uploads\/2020\/01\/RIMG0063-1024x768.jpg 1024w, https:\/\/coueron-st-symphorien.fr\/wp-content\/uploads\/2020\/01\/RIMG0063-768x576.jpg 768w, https:\/\/coueron-st-symphorien.fr\/wp-content\/uploads\/2020\/01\/RIMG0063.jpg 1280w\" sizes=\"(max-width: 300px) 100vw, 300px\" \/><\/a><\/p>\n<p><a href=\"https:\/\/coueron-st-symphorien.fr\/wp-content\/uploads\/2020\/01\/RIMG0068.jpg\"><img loading=\"lazy\" decoding=\"async\" class=\"size-medium wp-image-19858\" src=\"https:\/\/coueron-st-symphorien.fr\/wp-content\/uploads\/2020\/01\/RIMG0068-300x225.jpg\" alt=\"\" width=\"300\" height=\"225\" srcset=\"https:\/\/coueron-st-symphorien.fr\/wp-content\/uploads\/2020\/01\/RIMG0068-300x225.jpg 300w, https:\/\/coueron-st-symphorien.fr\/wp-content\/uploads\/2020\/01\/RIMG0068-1024x768.jpg 1024w, https:\/\/coueron-st-symphorien.fr\/wp-content\/uploads\/2020\/01\/RIMG0068-768x576.jpg 768w, https:\/\/coueron-st-symphorien.fr\/wp-content\/uploads\/2020\/01\/RIMG0068.jpg 1280w\" sizes=\"(max-width: 300px) 100vw, 300px\" \/><\/a><\/p>\n<p><a href=\"https:\/\/coueron-st-symphorien.fr\/wp-content\/uploads\/2020\/01\/RIMG0066.jpg\"><img loading=\"lazy\" decoding=\"async\" class=\"size-medium wp-image-19856\" src=\"https:\/\/coueron-st-symphorien.fr\/wp-content\/uploads\/2020\/01\/RIMG0066-300x225.jpg\" alt=\"\" width=\"300\" height=\"225\" srcset=\"https:\/\/coueron-st-symphorien.fr\/wp-content\/uploads\/2020\/01\/RIMG0066-300x225.jpg 300w, https:\/\/coueron-st-symphorien.fr\/wp-content\/uploads\/2020\/01\/RIMG0066-1024x768.jpg 1024w, https:\/\/coueron-st-symphorien.fr\/wp-content\/uploads\/2020\/01\/RIMG0066-768x576.jpg 768w, https:\/\/coueron-st-symphorien.fr\/wp-content\/uploads\/2020\/01\/RIMG0066.jpg 1280w\" sizes=\"(max-width: 300px) 100vw, 300px\" \/><\/a><\/p>\n","protected":false},"excerpt":{"rendered":"<p>Aujourd&rsquo;hui, nous avons eu la joie de partager un moment convivial entre anges-gardiens. Coiff\u00e9s de leurs plus belles couronnes, les PS ont accueilli les CM2 pour se souhaiter une bonne ann\u00e9e 2020 ! Nous avons pris le temps de regarder une vid\u00e9o sur l&rsquo;Epiphanie et manger une part de galette tous ensemble.&nbsp; Les CM2 et<\/p>\n<p><a href=\"https:\/\/coueron-st-symphorien.fr\/?p=19854\" class=\"more-link themebutton\">Lire la suite<\/a><\/p>\n","protected":false},"author":3,"featured_media":0,"comment_status":"closed","ping_status":"closed","sticky":false,"template":"","format":"standard","meta":{"ngg_post_thumbnail":0,"footnotes":""},"categories":[22,12,11],"tags":[],"_links":{"self":[{"href":"https:\/\/coueron-st-symphorien.fr\/index.php?rest_route=\/wp\/v2\/posts\/19854"}],"collection":[{"href":"https:\/\/coueron-st-symphorien.fr\/index.php?rest_route=\/wp\/v2\/posts"}],"about":[{"href":"https:\/\/coueron-st-symphorien.fr\/index.php?rest_route=\/wp\/v2\/types\/post"}],"author":[{"embeddable":true,"href":"https:\/\/coueron-st-symphorien.fr\/index.php?rest_route=\/wp\/v2\/users\/3"}],"replies":[{"embeddable":true,"href":"https:\/\/coueron-st-symphorien.fr\/index.php?rest_route=%2Fwp%2Fv2%2Fcomments&post=19854"}],"version-history":[{"count":1,"href":"https:\/\/coueron-st-symphorien.fr\/index.php?rest_route=\/wp\/v2\/posts\/19854\/revisions"}],"predecessor-version":[{"id":19859,"href":"https:\/\/coueron-st-symphorien.fr\/index.php?rest_route=\/wp\/v2\/posts\/19854\/revisions\/19859"}],"wp:attachment":[{"href":"https:\/\/coueron-st-symphorien.fr\/index.php?rest_route=%2Fwp%2Fv2%2Fmedia&parent=19854"}],"wp:term":[{"taxonomy":"category","embeddable":true,"href":"https:\/\/coueron-st-symphorien.fr\/index.php?rest_route=%2Fwp%2Fv2%2Fcategories&post=19854"},{"taxonomy":"post_tag","embeddable":true,"href":"https:\/\/coueron-st-symphorien.fr\/index.php?rest_route=%2Fwp%2Fv2%2Ftags&post=19854"}],"curies":[{"name":"wp","href":"https:\/\/api.w.org\/{rel}","templated":true}]}}