{"id":19850,"date":"2020-01-20T18:07:31","date_gmt":"2020-01-20T17:07:31","guid":{"rendered":"https:\/\/coueron-st-symphorien.fr\/?p=19850"},"modified":"2020-01-20T18:07:31","modified_gmt":"2020-01-20T17:07:31","slug":"ce1-ce2-classe-theatre-a-prefailles","status":"publish","type":"post","link":"https:\/\/coueron-st-symphorien.fr\/?p=19850","title":{"rendered":"CE1\/CE2 classe th\u00e9\u00e2tre \u00e0 Pr\u00e9failles"},"content":{"rendered":"<p>Voici notre album photos de notre classe Th\u00e9\u00e2tre \u00e0 Pr\u00e9failles du mercredi 8 janvier au vendredi 10 janvier 2020.<\/p>\n<p>Mercredi 8 janvier<br \/>\nNous sommes arriv\u00e9s au centre puis nous avons fait un jeu pour d\u00e9couvrir le centre et ses environs. Ensuite nous sommes all\u00e9s d\u00e9jeuner : nous avons retrouv\u00e9 nos camarades de CE2 et CE1 du premier s\u00e9jour. L&rsquo;apr\u00e8s-midi nous avons commenc\u00e9 les ateliers th\u00e9\u00e2tre avec les acteurs.<\/p>\n<p><strong>L&rsquo;arriv\u00e9e<\/strong><\/p>\n<p>ngg_shortcode_0_placeholder<strong>le jeu d\u00e9couverte du centre et de ses environs.<\/strong><\/p>\n<p>ngg_shortcode_1_placeholder<strong>le premier repas avec nos camarades de CE1 et CE2 du premier s\u00e9jour.<\/strong><\/p>\n<p>ngg_shortcode_2_placeholder<strong>Tous les jours nous avions des ateliers th\u00e9\u00e2tre avec les com\u00e9diens.<\/strong><\/p>\n<p><strong>Les ateliers th\u00e9\u00e2tre :<\/strong><\/p>\n<p>ngg_shortcode_3_placeholderngg_shortcode_4_placeholder<strong>Lorsque les activit\u00e9s \u00e9taient termin\u00e9es nous allions dans nos chambres pour les douches et le temps calmes. Nous pouvions lire, jouer \u00e0 des jeux de soci\u00e9t\u00e9, dessiner&#8230;<\/strong><\/p>\n<p>ngg_shortcode_5_placeholder<strong>Puis nous nous retrouvions au restaurant avec les camarades de CP pour partager les repas.<\/strong><\/p>\n<p>ngg_shortcode_6_placeholder<strong>Puis ce fut le temps du d\u00e9part, tous les enfants \u00e9taient tr\u00e8s contents de leur s\u00e9jour, certains seraient bien rest\u00e9s.<\/strong><\/p>\nngg_shortcode_7_placeholder\n","protected":false},"excerpt":{"rendered":"<p>Voici notre album photos de notre classe Th\u00e9\u00e2tre \u00e0 Pr\u00e9failles du mercredi 8 janvier au vendredi 10 janvier 2020. Mercredi 8 janvier Nous sommes arriv\u00e9s au centre puis nous avons fait un jeu pour d\u00e9couvrir le centre et ses environs. Ensuite nous sommes all\u00e9s d\u00e9jeuner : nous avons retrouv\u00e9 nos camarades de CE2 et CE1<\/p>\n<p><a href=\"https:\/\/coueron-st-symphorien.fr\/?p=19850\" class=\"more-link themebutton\">Lire la suite<\/a><\/p>\n","protected":false},"author":6,"featured_media":0,"comment_status":"closed","ping_status":"closed","sticky":false,"template":"","format":"standard","meta":{"ngg_post_thumbnail":0,"footnotes":""},"categories":[18],"tags":[],"_links":{"self":[{"href":"https:\/\/coueron-st-symphorien.fr\/index.php?rest_route=\/wp\/v2\/posts\/19850"}],"collection":[{"href":"https:\/\/coueron-st-symphorien.fr\/index.php?rest_route=\/wp\/v2\/posts"}],"about":[{"href":"https:\/\/coueron-st-symphorien.fr\/index.php?rest_route=\/wp\/v2\/types\/post"}],"author":[{"embeddable":true,"href":"https:\/\/coueron-st-symphorien.fr\/index.php?rest_route=\/wp\/v2\/users\/6"}],"replies":[{"embeddable":true,"href":"https:\/\/coueron-st-symphorien.fr\/index.php?rest_route=%2Fwp%2Fv2%2Fcomments&post=19850"}],"version-history":[{"count":7,"href":"https:\/\/coueron-st-symphorien.fr\/index.php?rest_route=\/wp\/v2\/posts\/19850\/revisions"}],"predecessor-version":[{"id":20328,"href":"https:\/\/coueron-st-symphorien.fr\/index.php?rest_route=\/wp\/v2\/posts\/19850\/revisions\/20328"}],"wp:attachment":[{"href":"https:\/\/coueron-st-symphorien.fr\/index.php?rest_route=%2Fwp%2Fv2%2Fmedia&parent=19850"}],"wp:term":[{"taxonomy":"category","embeddable":true,"href":"https:\/\/coueron-st-symphorien.fr\/index.php?rest_route=%2Fwp%2Fv2%2Fcategories&post=19850"},{"taxonomy":"post_tag","embeddable":true,"href":"https:\/\/coueron-st-symphorien.fr\/index.php?rest_route=%2Fwp%2Fv2%2Ftags&post=19850"}],"curies":[{"name":"wp","href":"https:\/\/api.w.org\/{rel}","templated":true}]}}