{"id":19616,"date":"2019-12-11T15:24:57","date_gmt":"2019-12-11T14:24:57","guid":{"rendered":"https:\/\/coueron-st-symphorien.fr\/?p=19616"},"modified":"2019-12-11T15:24:57","modified_gmt":"2019-12-11T14:24:57","slug":"les-cm1-reflechissent-a-lamenagement-de-la-cour","status":"publish","type":"post","link":"https:\/\/coueron-st-symphorien.fr\/?p=19616","title":{"rendered":"Les CM1 r\u00e9fl\u00e9chissent \u00e0 l&rsquo;am\u00e9nagement de la cour"},"content":{"rendered":"<p>Cette ann\u00e9e, l&rsquo;\u00e9cole maternelle est venue rejoindre l&rsquo;\u00e9cole \u00e9l\u00e9mentaire. Apr\u00e8s plusieurs ann\u00e9es de travaux, les \u00e9l\u00e8ves sont enfin r\u00e9unis. Il est temps de penser au r\u00e9am\u00e9nagement de la cour pour permettre aux petits et aux grands de profiter pleinement des moments de r\u00e9cr\u00e9ations ! Par petits groupes, nous avons d\u00e9couvert le m\u00e9tier d&rsquo;urbaniste. Avec les exigences li\u00e9es \u00e0 la forme de la cour et les contraintes de s\u00e9curit\u00e9, nous avons propos\u00e9 un nouvel am\u00e9nagement permettant de regrouper : un terrain de foot, des paniers de baskets, le toboggan, un circuit de billes, des tables pour les discussions calmes, des marelles,&#8230; Les id\u00e9es ont jailli ! Bleuenn, notre d\u00e9l\u00e9gu\u00e9e, est all\u00e9e en conseil des d\u00e9l\u00e9gu\u00e9s pour faire entendre la voix de la classe concernant ce nouvel am\u00e9nagement que nous avions pens\u00e9 en mutualisant les id\u00e9es des diff\u00e9rents groupes. Les prochains mois nous permettront de d\u00e9couvrir si nos id\u00e9es ont \u00e9t\u00e9 retenues !&nbsp;<\/p>\n<p>&nbsp;<\/p>\nngg_shortcode_0_placeholder\n","protected":false},"excerpt":{"rendered":"<p>Cette ann\u00e9e, l&rsquo;\u00e9cole maternelle est venue rejoindre l&rsquo;\u00e9cole \u00e9l\u00e9mentaire. Apr\u00e8s plusieurs ann\u00e9es de travaux, les \u00e9l\u00e8ves sont enfin r\u00e9unis. Il est temps de penser au r\u00e9am\u00e9nagement de la cour pour permettre aux petits et aux grands de profiter pleinement des moments de r\u00e9cr\u00e9ations ! Par petits groupes, nous avons d\u00e9couvert le m\u00e9tier d&rsquo;urbaniste. Avec les<\/p>\n<p><a href=\"https:\/\/coueron-st-symphorien.fr\/?p=19616\" class=\"more-link themebutton\">Lire la suite<\/a><\/p>\n","protected":false},"author":3,"featured_media":0,"comment_status":"closed","ping_status":"closed","sticky":false,"template":"","format":"standard","meta":{"ngg_post_thumbnail":0,"footnotes":""},"categories":[20],"tags":[],"_links":{"self":[{"href":"https:\/\/coueron-st-symphorien.fr\/index.php?rest_route=\/wp\/v2\/posts\/19616"}],"collection":[{"href":"https:\/\/coueron-st-symphorien.fr\/index.php?rest_route=\/wp\/v2\/posts"}],"about":[{"href":"https:\/\/coueron-st-symphorien.fr\/index.php?rest_route=\/wp\/v2\/types\/post"}],"author":[{"embeddable":true,"href":"https:\/\/coueron-st-symphorien.fr\/index.php?rest_route=\/wp\/v2\/users\/3"}],"replies":[{"embeddable":true,"href":"https:\/\/coueron-st-symphorien.fr\/index.php?rest_route=%2Fwp%2Fv2%2Fcomments&post=19616"}],"version-history":[{"count":2,"href":"https:\/\/coueron-st-symphorien.fr\/index.php?rest_route=\/wp\/v2\/posts\/19616\/revisions"}],"predecessor-version":[{"id":19629,"href":"https:\/\/coueron-st-symphorien.fr\/index.php?rest_route=\/wp\/v2\/posts\/19616\/revisions\/19629"}],"wp:attachment":[{"href":"https:\/\/coueron-st-symphorien.fr\/index.php?rest_route=%2Fwp%2Fv2%2Fmedia&parent=19616"}],"wp:term":[{"taxonomy":"category","embeddable":true,"href":"https:\/\/coueron-st-symphorien.fr\/index.php?rest_route=%2Fwp%2Fv2%2Fcategories&post=19616"},{"taxonomy":"post_tag","embeddable":true,"href":"https:\/\/coueron-st-symphorien.fr\/index.php?rest_route=%2Fwp%2Fv2%2Ftags&post=19616"}],"curies":[{"name":"wp","href":"https:\/\/api.w.org\/{rel}","templated":true}]}}