{"id":19226,"date":"2019-10-28T10:29:08","date_gmt":"2019-10-28T09:29:08","guid":{"rendered":"https:\/\/coueron-st-symphorien.fr\/?p=19226"},"modified":"2019-10-28T10:32:31","modified_gmt":"2019-10-28T09:32:31","slug":"assemblee-decole","status":"publish","type":"post","link":"https:\/\/coueron-st-symphorien.fr\/?p=19226","title":{"rendered":"Assembl\u00e9e d&rsquo;\u00e9cole"},"content":{"rendered":"<p>pour terminer la premi\u00e8re p\u00e9riode dans notre nouvelle \u00e9cole ,les 5 classes de maternelle se sont retrouv\u00e9es pour une assembl\u00e9e.<\/p>\n<p>au programme:pr\u00e9sentation des mascottes de chaque classe, d&rsquo;une activit\u00e9 li\u00e9e au fruits et l\u00e9gumes.<\/p>\n<p>pour finir une petite dans collective sur la chanson des l\u00e9gumes!!!!<\/p>\nngg_shortcode_0_placeholder\n","protected":false},"excerpt":{"rendered":"<p>pour terminer la premi\u00e8re p\u00e9riode dans notre nouvelle \u00e9cole ,les 5 classes de maternelle se sont retrouv\u00e9es pour une assembl\u00e9e. au programme:pr\u00e9sentation des mascottes de chaque classe, d&rsquo;une activit\u00e9 li\u00e9e au fruits et l\u00e9gumes. pour finir une petite dans collective sur la chanson des l\u00e9gumes!!!!<\/p>\n","protected":false},"author":8,"featured_media":0,"comment_status":"closed","ping_status":"closed","sticky":false,"template":"","format":"standard","meta":{"ngg_post_thumbnail":0,"footnotes":""},"categories":[14,13,75,12,11],"tags":[],"_links":{"self":[{"href":"https:\/\/coueron-st-symphorien.fr\/index.php?rest_route=\/wp\/v2\/posts\/19226"}],"collection":[{"href":"https:\/\/coueron-st-symphorien.fr\/index.php?rest_route=\/wp\/v2\/posts"}],"about":[{"href":"https:\/\/coueron-st-symphorien.fr\/index.php?rest_route=\/wp\/v2\/types\/post"}],"author":[{"embeddable":true,"href":"https:\/\/coueron-st-symphorien.fr\/index.php?rest_route=\/wp\/v2\/users\/8"}],"replies":[{"embeddable":true,"href":"https:\/\/coueron-st-symphorien.fr\/index.php?rest_route=%2Fwp%2Fv2%2Fcomments&post=19226"}],"version-history":[{"count":2,"href":"https:\/\/coueron-st-symphorien.fr\/index.php?rest_route=\/wp\/v2\/posts\/19226\/revisions"}],"predecessor-version":[{"id":19252,"href":"https:\/\/coueron-st-symphorien.fr\/index.php?rest_route=\/wp\/v2\/posts\/19226\/revisions\/19252"}],"wp:attachment":[{"href":"https:\/\/coueron-st-symphorien.fr\/index.php?rest_route=%2Fwp%2Fv2%2Fmedia&parent=19226"}],"wp:term":[{"taxonomy":"category","embeddable":true,"href":"https:\/\/coueron-st-symphorien.fr\/index.php?rest_route=%2Fwp%2Fv2%2Fcategories&post=19226"},{"taxonomy":"post_tag","embeddable":true,"href":"https:\/\/coueron-st-symphorien.fr\/index.php?rest_route=%2Fwp%2Fv2%2Ftags&post=19226"}],"curies":[{"name":"wp","href":"https:\/\/api.w.org\/{rel}","templated":true}]}}