{"id":19115,"date":"2019-10-24T10:35:50","date_gmt":"2019-10-24T09:35:50","guid":{"rendered":"https:\/\/coueron-st-symphorien.fr\/?p=19115"},"modified":"2019-10-24T10:35:50","modified_gmt":"2019-10-24T09:35:50","slug":"lecture-en-maternelle-4","status":"publish","type":"post","link":"https:\/\/coueron-st-symphorien.fr\/?p=19115","title":{"rendered":"Lecture en maternelle"},"content":{"rendered":"<p>Les CM1 CM2 sont all\u00e9s dans les nouvelles classes de maternelle les lundis 30 septembre et 14 octobre pour partager un moment de lecture autour d&rsquo;albums illustr\u00e9s.<\/p>\n<p>Ce fut l&rsquo;occasion de retrouver un petit fr\u00e8re ou une petite s\u0153ur, une cousine, un voisin ou tout simplement une connaissance.&nbsp;<\/p>\n<p>Les CM2 prendront le relais pour les prochaines lectures.<\/p>\nngg_shortcode_0_placeholder\n","protected":false},"excerpt":{"rendered":"<p>Les CM1 CM2 sont all\u00e9s dans les nouvelles classes de maternelle les lundis 30 septembre et 14 octobre pour partager un moment de lecture autour d&rsquo;albums illustr\u00e9s. Ce fut l&rsquo;occasion de retrouver un petit fr\u00e8re ou une petite s\u0153ur, une cousine, un voisin ou tout simplement une connaissance.&nbsp; Les CM2 prendront le relais pour les<\/p>\n<p><a href=\"https:\/\/coueron-st-symphorien.fr\/?p=19115\" class=\"more-link themebutton\">Lire la suite<\/a><\/p>\n","protected":false},"author":7,"featured_media":0,"comment_status":"closed","ping_status":"closed","sticky":false,"template":"","format":"standard","meta":{"ngg_post_thumbnail":0,"footnotes":""},"categories":[21,14,13,75,12,11],"tags":[],"_links":{"self":[{"href":"https:\/\/coueron-st-symphorien.fr\/index.php?rest_route=\/wp\/v2\/posts\/19115"}],"collection":[{"href":"https:\/\/coueron-st-symphorien.fr\/index.php?rest_route=\/wp\/v2\/posts"}],"about":[{"href":"https:\/\/coueron-st-symphorien.fr\/index.php?rest_route=\/wp\/v2\/types\/post"}],"author":[{"embeddable":true,"href":"https:\/\/coueron-st-symphorien.fr\/index.php?rest_route=\/wp\/v2\/users\/7"}],"replies":[{"embeddable":true,"href":"https:\/\/coueron-st-symphorien.fr\/index.php?rest_route=%2Fwp%2Fv2%2Fcomments&post=19115"}],"version-history":[{"count":3,"href":"https:\/\/coueron-st-symphorien.fr\/index.php?rest_route=\/wp\/v2\/posts\/19115\/revisions"}],"predecessor-version":[{"id":19118,"href":"https:\/\/coueron-st-symphorien.fr\/index.php?rest_route=\/wp\/v2\/posts\/19115\/revisions\/19118"}],"wp:attachment":[{"href":"https:\/\/coueron-st-symphorien.fr\/index.php?rest_route=%2Fwp%2Fv2%2Fmedia&parent=19115"}],"wp:term":[{"taxonomy":"category","embeddable":true,"href":"https:\/\/coueron-st-symphorien.fr\/index.php?rest_route=%2Fwp%2Fv2%2Fcategories&post=19115"},{"taxonomy":"post_tag","embeddable":true,"href":"https:\/\/coueron-st-symphorien.fr\/index.php?rest_route=%2Fwp%2Fv2%2Ftags&post=19115"}],"curies":[{"name":"wp","href":"https:\/\/api.w.org\/{rel}","templated":true}]}}