{"id":19072,"date":"2019-10-18T15:59:41","date_gmt":"2019-10-18T14:59:41","guid":{"rendered":"https:\/\/coueron-st-symphorien.fr\/?p=19072"},"modified":"2019-10-18T16:00:21","modified_gmt":"2019-10-18T15:00:21","slug":"inauguration-de-lecole-maternelle","status":"publish","type":"post","link":"https:\/\/coueron-st-symphorien.fr\/?p=19072","title":{"rendered":"Inauguration de l&rsquo;Ecole Maternelle"},"content":{"rendered":"<p><a href=\"https:\/\/coueron-st-symphorien.fr\/wp-content\/uploads\/2019\/10\/IMG_1992.jpg\"><img loading=\"lazy\" decoding=\"async\" class=\"aligncenter wp-image-19081\" src=\"https:\/\/coueron-st-symphorien.fr\/wp-content\/uploads\/2019\/10\/IMG_1992-1024x768.jpg\" alt=\"\" width=\"619\" height=\"464\" srcset=\"https:\/\/coueron-st-symphorien.fr\/wp-content\/uploads\/2019\/10\/IMG_1992-1024x768.jpg 1024w, https:\/\/coueron-st-symphorien.fr\/wp-content\/uploads\/2019\/10\/IMG_1992-300x225.jpg 300w, https:\/\/coueron-st-symphorien.fr\/wp-content\/uploads\/2019\/10\/IMG_1992-768x576.jpg 768w, https:\/\/coueron-st-symphorien.fr\/wp-content\/uploads\/2019\/10\/IMG_1992.jpg 1920w\" sizes=\"(max-width: 619px) 100vw, 619px\" \/><\/a><\/p>\n<p>En pr\u00e9sence de Monseigneur James, \u00e9v\u00eaque du dioc\u00e8se ; d\u2019Eric Billet, adjoint du directeur dioc\u00e9sain, ainsi que de Mme Carole Grelaud, maire de Cou\u00ebron, la communaut\u00e9 \u00e9ducative de l\u2019\u00e9cole Saint Symphorien a inaugur\u00e9, mardi 15 octobre,&nbsp; les locaux de l\u2019\u00e9cole maternelle.<\/p>\n<p>Apr\u00e8s un an de travaux, les \u00e9l\u00e8ves&nbsp;de maternelle ont \u00e9t\u00e9 accueillis comme pr\u00e9vu dans leur toute nouvelle \u00e9cole le 2 septembre dernier. Ils ont d\u00e9couvert avec joie le b\u00e2timent flambant neuf et ont plaisir \u00e0 retrouver chaque jour les \u00ab&nbsp;grands&nbsp;\u00bb du primaire.<\/p>\n<p>Afin de sceller officiellement la r\u00e9unification tant attendue des sites primaire et maternelle, toute la communaut\u00e9 \u00e9ducative de l\u2019\u00e9cole s\u2019est donc retrouv\u00e9e pour partager ce moment festif.<\/p>\n<p>Apr\u00e8s le discours des uns et des autres, Monseigneur James a proc\u00e9d\u00e9 \u00e0 la b\u00e9n\u00e9diction de l\u2019\u00e9cole et des familles pr\u00e9sentes. Les enfants se sont rassembl\u00e9s pour chanter le chant \u00e9vocateur \u00ab&nbsp;tous ensemble&nbsp;\u00bb. Puis, la soir\u00e9e s\u2019est prolong\u00e9e autour du verre de l\u2019amiti\u00e9.<\/p>\nngg_shortcode_0_placeholder\n","protected":false},"excerpt":{"rendered":"<p>En pr\u00e9sence de Monseigneur James, \u00e9v\u00eaque du dioc\u00e8se ; d\u2019Eric Billet, adjoint du directeur dioc\u00e9sain, ainsi que de Mme Carole Grelaud, maire de Cou\u00ebron, la communaut\u00e9 \u00e9ducative de l\u2019\u00e9cole Saint Symphorien a inaugur\u00e9, mardi 15 octobre,&nbsp; les locaux de l\u2019\u00e9cole maternelle. Apr\u00e8s un an de travaux, les \u00e9l\u00e8ves&nbsp;de maternelle ont \u00e9t\u00e9 accueillis comme pr\u00e9vu dans<\/p>\n<p><a href=\"https:\/\/coueron-st-symphorien.fr\/?p=19072\" class=\"more-link themebutton\">Lire la suite<\/a><\/p>\n","protected":false},"author":3,"featured_media":0,"comment_status":"closed","ping_status":"closed","sticky":false,"template":"","format":"standard","meta":{"ngg_post_thumbnail":0,"footnotes":""},"categories":[17,18,19,21,20,22,16,15,14,13,75,1,12,11],"tags":[],"_links":{"self":[{"href":"https:\/\/coueron-st-symphorien.fr\/index.php?rest_route=\/wp\/v2\/posts\/19072"}],"collection":[{"href":"https:\/\/coueron-st-symphorien.fr\/index.php?rest_route=\/wp\/v2\/posts"}],"about":[{"href":"https:\/\/coueron-st-symphorien.fr\/index.php?rest_route=\/wp\/v2\/types\/post"}],"author":[{"embeddable":true,"href":"https:\/\/coueron-st-symphorien.fr\/index.php?rest_route=\/wp\/v2\/users\/3"}],"replies":[{"embeddable":true,"href":"https:\/\/coueron-st-symphorien.fr\/index.php?rest_route=%2Fwp%2Fv2%2Fcomments&post=19072"}],"version-history":[{"count":4,"href":"https:\/\/coueron-st-symphorien.fr\/index.php?rest_route=\/wp\/v2\/posts\/19072\/revisions"}],"predecessor-version":[{"id":19095,"href":"https:\/\/coueron-st-symphorien.fr\/index.php?rest_route=\/wp\/v2\/posts\/19072\/revisions\/19095"}],"wp:attachment":[{"href":"https:\/\/coueron-st-symphorien.fr\/index.php?rest_route=%2Fwp%2Fv2%2Fmedia&parent=19072"}],"wp:term":[{"taxonomy":"category","embeddable":true,"href":"https:\/\/coueron-st-symphorien.fr\/index.php?rest_route=%2Fwp%2Fv2%2Fcategories&post=19072"},{"taxonomy":"post_tag","embeddable":true,"href":"https:\/\/coueron-st-symphorien.fr\/index.php?rest_route=%2Fwp%2Fv2%2Ftags&post=19072"}],"curies":[{"name":"wp","href":"https:\/\/api.w.org\/{rel}","templated":true}]}}