{"id":18714,"date":"2019-09-30T16:41:16","date_gmt":"2019-09-30T15:41:16","guid":{"rendered":"https:\/\/coueron-st-symphorien.fr\/?p=18714"},"modified":"2019-09-30T16:41:16","modified_gmt":"2019-09-30T15:41:16","slug":"elections-delegue-ce1","status":"publish","type":"post","link":"https:\/\/coueron-st-symphorien.fr\/?p=18714","title":{"rendered":"ELECTIONS DELEGUE CE1"},"content":{"rendered":"<p>Un grand moment de citoyennet\u00e9&nbsp;!<\/p>\n<p>Avant de faire l\u2019\u00e9lection des d\u00e9l\u00e9gu\u00e9s, nous avons d\u00e9fini le r\u00f4le d\u2019un d\u00e9l\u00e9gu\u00e9&nbsp;: il doit \u00eatre le porte-parole de la classe dans l&rsquo;\u00e9cole, il participe aux d\u00e9cisions prises dans l\u2019\u00e9cole afin d\u2019y am\u00e9liorer la qualit\u00e9 de vie, r\u00e9soudre des probl\u00e8mes&#8230;<\/p>\n<p>Nous avons aussi travaill\u00e9 sur les diff\u00e9rentes \u00e9tapes d\u2019une \u00e9lection et expliqu\u00e9 le lexique qui s\u2019y rapporte. Chaque \u00e9l\u00e8ve devait r\u00e9fl\u00e9chir s\u2019il se portait candidat et d\u00e9poser sa fiche de candidature s\u2019il le souhaitait.<\/p>\n<p>Le lundi 30 septembre, nous avons \u00e9lu un d\u00e9l\u00e9gu\u00e9 et son suppl\u00e9ant. In\u00e8s a \u00e9t\u00e9 \u00e9lue d\u00e9l\u00e9gu\u00e9 et Jade d\u00e9l\u00e9gu\u00e9 suppl\u00e9ante.<\/p>\n<p>Chaque \u00e9l\u00e8ve devait avoir sa carte d\u2019identit\u00e9 scolaire pour avoir le droit de voter.<\/p>\n<p><strong><em>A vot\u00e9&nbsp;!<\/em><\/strong><\/p>\nngg_shortcode_0_placeholder\n","protected":false},"excerpt":{"rendered":"<p>Un grand moment de citoyennet\u00e9&nbsp;! Avant de faire l\u2019\u00e9lection des d\u00e9l\u00e9gu\u00e9s, nous avons d\u00e9fini le r\u00f4le d\u2019un d\u00e9l\u00e9gu\u00e9&nbsp;: il doit \u00eatre le porte-parole de la classe dans l&rsquo;\u00e9cole, il participe aux d\u00e9cisions prises dans l\u2019\u00e9cole afin d\u2019y am\u00e9liorer la qualit\u00e9 de vie, r\u00e9soudre des probl\u00e8mes&#8230; Nous avons aussi travaill\u00e9 sur les diff\u00e9rentes \u00e9tapes d\u2019une \u00e9lection<\/p>\n<p><a href=\"https:\/\/coueron-st-symphorien.fr\/?p=18714\" class=\"more-link themebutton\">Lire la suite<\/a><\/p>\n","protected":false},"author":14,"featured_media":0,"comment_status":"closed","ping_status":"closed","sticky":false,"template":"","format":"standard","meta":{"ngg_post_thumbnail":0,"footnotes":""},"categories":[17],"tags":[],"_links":{"self":[{"href":"https:\/\/coueron-st-symphorien.fr\/index.php?rest_route=\/wp\/v2\/posts\/18714"}],"collection":[{"href":"https:\/\/coueron-st-symphorien.fr\/index.php?rest_route=\/wp\/v2\/posts"}],"about":[{"href":"https:\/\/coueron-st-symphorien.fr\/index.php?rest_route=\/wp\/v2\/types\/post"}],"author":[{"embeddable":true,"href":"https:\/\/coueron-st-symphorien.fr\/index.php?rest_route=\/wp\/v2\/users\/14"}],"replies":[{"embeddable":true,"href":"https:\/\/coueron-st-symphorien.fr\/index.php?rest_route=%2Fwp%2Fv2%2Fcomments&post=18714"}],"version-history":[{"count":2,"href":"https:\/\/coueron-st-symphorien.fr\/index.php?rest_route=\/wp\/v2\/posts\/18714\/revisions"}],"predecessor-version":[{"id":18726,"href":"https:\/\/coueron-st-symphorien.fr\/index.php?rest_route=\/wp\/v2\/posts\/18714\/revisions\/18726"}],"wp:attachment":[{"href":"https:\/\/coueron-st-symphorien.fr\/index.php?rest_route=%2Fwp%2Fv2%2Fmedia&parent=18714"}],"wp:term":[{"taxonomy":"category","embeddable":true,"href":"https:\/\/coueron-st-symphorien.fr\/index.php?rest_route=%2Fwp%2Fv2%2Fcategories&post=18714"},{"taxonomy":"post_tag","embeddable":true,"href":"https:\/\/coueron-st-symphorien.fr\/index.php?rest_route=%2Fwp%2Fv2%2Ftags&post=18714"}],"curies":[{"name":"wp","href":"https:\/\/api.w.org\/{rel}","templated":true}]}}