{"id":18493,"date":"2019-09-14T10:10:41","date_gmt":"2019-09-14T09:10:41","guid":{"rendered":"https:\/\/coueron-st-symphorien.fr\/?p=18493"},"modified":"2019-09-14T10:23:08","modified_gmt":"2019-09-14T09:23:08","slug":"la-fete-de-la-rentree-a-la-maternelle","status":"publish","type":"post","link":"https:\/\/coueron-st-symphorien.fr\/?p=18493","title":{"rendered":"La f\u00eate de la rentr\u00e9e \u00e0 la maternelle"},"content":{"rendered":"<p>Mercredi 11 septembre, tous les \u00e9l\u00e8ves de la maternelle se sont r\u00e9unis \u00e0 l&rsquo;occasion de la rentr\u00e9e:<\/p>\n<ul>\n<li>petit mot de Mr David<\/li>\n<li>pr\u00e9sentation des nouveaux \u00e9l\u00e8ves et adultes par classe<\/li>\n<li>affichage des 5 lettres pour constituer le mot ECOLE<\/li>\n<li>chant et danse sous le pr\u00e9au :\u00a0\u00bbBonjour, bonjour, comment \u00e7a va?\u00a0\u00bb<\/li>\n<\/ul>\nngg_shortcode_0_placeholder\n","protected":false},"excerpt":{"rendered":"<p>Mercredi 11 septembre, tous les \u00e9l\u00e8ves de la maternelle se sont r\u00e9unis \u00e0 l&rsquo;occasion de la rentr\u00e9e: petit mot de Mr David pr\u00e9sentation des nouveaux \u00e9l\u00e8ves et adultes par classe affichage des 5 lettres pour constituer le mot ECOLE chant et danse sous le pr\u00e9au :\u00a0\u00bbBonjour, bonjour, comment \u00e7a va?\u00a0\u00bb<\/p>\n","protected":false},"author":3,"featured_media":0,"comment_status":"closed","ping_status":"closed","sticky":false,"template":"","format":"standard","meta":{"ngg_post_thumbnail":0,"footnotes":""},"categories":[14,13,75,12,11],"tags":[],"_links":{"self":[{"href":"https:\/\/coueron-st-symphorien.fr\/index.php?rest_route=\/wp\/v2\/posts\/18493"}],"collection":[{"href":"https:\/\/coueron-st-symphorien.fr\/index.php?rest_route=\/wp\/v2\/posts"}],"about":[{"href":"https:\/\/coueron-st-symphorien.fr\/index.php?rest_route=\/wp\/v2\/types\/post"}],"author":[{"embeddable":true,"href":"https:\/\/coueron-st-symphorien.fr\/index.php?rest_route=\/wp\/v2\/users\/3"}],"replies":[{"embeddable":true,"href":"https:\/\/coueron-st-symphorien.fr\/index.php?rest_route=%2Fwp%2Fv2%2Fcomments&post=18493"}],"version-history":[{"count":2,"href":"https:\/\/coueron-st-symphorien.fr\/index.php?rest_route=\/wp\/v2\/posts\/18493\/revisions"}],"predecessor-version":[{"id":18516,"href":"https:\/\/coueron-st-symphorien.fr\/index.php?rest_route=\/wp\/v2\/posts\/18493\/revisions\/18516"}],"wp:attachment":[{"href":"https:\/\/coueron-st-symphorien.fr\/index.php?rest_route=%2Fwp%2Fv2%2Fmedia&parent=18493"}],"wp:term":[{"taxonomy":"category","embeddable":true,"href":"https:\/\/coueron-st-symphorien.fr\/index.php?rest_route=%2Fwp%2Fv2%2Fcategories&post=18493"},{"taxonomy":"post_tag","embeddable":true,"href":"https:\/\/coueron-st-symphorien.fr\/index.php?rest_route=%2Fwp%2Fv2%2Ftags&post=18493"}],"curies":[{"name":"wp","href":"https:\/\/api.w.org\/{rel}","templated":true}]}}