{"id":18459,"date":"2019-09-11T18:00:23","date_gmt":"2019-09-11T17:00:23","guid":{"rendered":"https:\/\/coueron-st-symphorien.fr\/?p=18459"},"modified":"2019-09-11T18:05:35","modified_gmt":"2019-09-11T17:05:35","slug":"premiere-rencontre-avec-les-anges-gardiens-2","status":"publish","type":"post","link":"https:\/\/coueron-st-symphorien.fr\/?p=18459","title":{"rendered":"Premi\u00e8re rencontre avec les anges-gardiens"},"content":{"rendered":"<p>Mercredi&nbsp; 11, en fin de matin\u00e9e, les \u00e9l\u00e8ves de CE2 de la classe d&rsquo;Aur\u00e9lie sont venus jouer et construire avec nous! Quelle surprise!<\/p>\n<p>Ils seront notre classe \u00ab\u00a0d&rsquo; anges-gardiens\u00a0\u00bb&#8230; C&rsquo;est une tradition \u00e0 l&rsquo;\u00e9cole Saint Symphorien: des \u00e9l\u00e8ves plus \u00e2g\u00e9s \u00ab\u00a0prot\u00e8gent\u00a0\u00bb, sont plus attentionn\u00e9s envers des \u00e9l\u00e8ves plus jeunes et partagent des activit\u00e9s ensemble. A l&rsquo;occasion du d\u00e9m\u00e9nagement, les classes maternelles et primaires sont associ\u00e9es dor\u00e9navant.<\/p>\n<p>Voici quelques photos de cette premi\u00e8re rencontre&#8230; rendez-vous dans deux semaines!<\/p>\nngg_shortcode_0_placeholder\n","protected":false},"excerpt":{"rendered":"<p>Mercredi&nbsp; 11, en fin de matin\u00e9e, les \u00e9l\u00e8ves de CE2 de la classe d&rsquo;Aur\u00e9lie sont venus jouer et construire avec nous! Quelle surprise! Ils seront notre classe \u00ab\u00a0d&rsquo; anges-gardiens\u00a0\u00bb&#8230; C&rsquo;est une tradition \u00e0 l&rsquo;\u00e9cole Saint Symphorien: des \u00e9l\u00e8ves plus \u00e2g\u00e9s \u00ab\u00a0prot\u00e8gent\u00a0\u00bb, sont plus attentionn\u00e9s envers des \u00e9l\u00e8ves plus jeunes et partagent des activit\u00e9s ensemble. A<\/p>\n<p><a href=\"https:\/\/coueron-st-symphorien.fr\/?p=18459\" class=\"more-link themebutton\">Lire la suite<\/a><\/p>\n","protected":false},"author":3,"featured_media":0,"comment_status":"closed","ping_status":"closed","sticky":false,"template":"","format":"standard","meta":{"ngg_post_thumbnail":0,"footnotes":""},"categories":[19,14],"tags":[],"_links":{"self":[{"href":"https:\/\/coueron-st-symphorien.fr\/index.php?rest_route=\/wp\/v2\/posts\/18459"}],"collection":[{"href":"https:\/\/coueron-st-symphorien.fr\/index.php?rest_route=\/wp\/v2\/posts"}],"about":[{"href":"https:\/\/coueron-st-symphorien.fr\/index.php?rest_route=\/wp\/v2\/types\/post"}],"author":[{"embeddable":true,"href":"https:\/\/coueron-st-symphorien.fr\/index.php?rest_route=\/wp\/v2\/users\/3"}],"replies":[{"embeddable":true,"href":"https:\/\/coueron-st-symphorien.fr\/index.php?rest_route=%2Fwp%2Fv2%2Fcomments&post=18459"}],"version-history":[{"count":2,"href":"https:\/\/coueron-st-symphorien.fr\/index.php?rest_route=\/wp\/v2\/posts\/18459\/revisions"}],"predecessor-version":[{"id":18471,"href":"https:\/\/coueron-st-symphorien.fr\/index.php?rest_route=\/wp\/v2\/posts\/18459\/revisions\/18471"}],"wp:attachment":[{"href":"https:\/\/coueron-st-symphorien.fr\/index.php?rest_route=%2Fwp%2Fv2%2Fmedia&parent=18459"}],"wp:term":[{"taxonomy":"category","embeddable":true,"href":"https:\/\/coueron-st-symphorien.fr\/index.php?rest_route=%2Fwp%2Fv2%2Fcategories&post=18459"},{"taxonomy":"post_tag","embeddable":true,"href":"https:\/\/coueron-st-symphorien.fr\/index.php?rest_route=%2Fwp%2Fv2%2Ftags&post=18459"}],"curies":[{"name":"wp","href":"https:\/\/api.w.org\/{rel}","templated":true}]}}