{"id":17899,"date":"2019-05-23T22:02:47","date_gmt":"2019-05-23T21:02:47","guid":{"rendered":"https:\/\/coueron-st-symphorien.fr\/?p=17899"},"modified":"2019-05-23T22:02:47","modified_gmt":"2019-05-23T21:02:47","slug":"du-vent-dans-les-voiles","status":"publish","type":"post","link":"https:\/\/coueron-st-symphorien.fr\/?p=17899","title":{"rendered":"Du vent dans les voiles !"},"content":{"rendered":"<p>Aujourd&rsquo;hui, nous avons profit\u00e9 des m\u00eames activit\u00e9s \u00e0 diff\u00e9rents moments :<\/p>\n<p>Ce matin, les CM1 visitaient l&rsquo;aquarium pendant que les CM2 faisaient du char \u00e0 voile, puis inversement l&rsquo;apr\u00e8s-midi.<\/p>\n<p>-La visite de l&rsquo;aquarium a commenc\u00e9 par l&rsquo;atelier \u00ab\u00a0enigma fish\u00a0\u00bb pr\u00e9sent\u00e9 par nos animateurs Pierre et Julie. Nous avons d\u00e9couvert tous les myst\u00e8res de la nature \u00e0 travers quelques sp\u00e9cimens de poissons et mollusques : la pieuvre, la rascasse, le requin z\u00e8bre&#8230; Puis, nous avons profit\u00e9 des deux attractions de l&rsquo;aquarium de St-Malo. Elles nous ont immerg\u00e9s dans les profondeurs de l&rsquo;oc\u00e9an.<\/p>\n<p>-Avec une certaine appr\u00e9hension pour certains, de l&rsquo;excitation pour d&rsquo;autres, les enfants se sont initi\u00e9s au char \u00e0 voile. En 10 minutes, ils ont tous \u00e9t\u00e9 capables de manier l&rsquo;engin roulant et de parcourir quelques dizaines de m\u00e8tres ; chacun \u00e0 son rythme \u00e9videmment. Tous sont sortis ravis de cette exp\u00e9rience et fiers d&rsquo;avoir surmont\u00e9 leurs craintes : \u00ab\u00a0c&rsquo;\u00e9tait trop bien !\u00a0\u00bb<\/p>\n<p>-18 h36 : les enfants sont sous la douche et choisissent m\u00e9ticuleusement leur tenue. Gel et jolies coiffures sont de rigueur : ce soir, c&rsquo;est la BOUM !!!! Pour d&rsquo;autres ce sera jeux de soci\u00e9t\u00e9 !<\/p>\n<p>Nisa a souffl\u00e9 ses 10 bougies \u00e0 la fin du d\u00eener !!!<\/p>\n<p>Les valises sont faites. A demain &#8230;<\/p>\nngg_shortcode_0_placeholder\n","protected":false},"excerpt":{"rendered":"<p>Aujourd&rsquo;hui, nous avons profit\u00e9 des m\u00eames activit\u00e9s \u00e0 diff\u00e9rents moments : Ce matin, les CM1 visitaient l&rsquo;aquarium pendant que les CM2 faisaient du char \u00e0 voile, puis inversement l&rsquo;apr\u00e8s-midi. -La visite de l&rsquo;aquarium a commenc\u00e9 par l&rsquo;atelier \u00ab\u00a0enigma fish\u00a0\u00bb pr\u00e9sent\u00e9 par nos animateurs Pierre et Julie. Nous avons d\u00e9couvert tous les myst\u00e8res de la nature<\/p>\n<p><a href=\"https:\/\/coueron-st-symphorien.fr\/?p=17899\" class=\"more-link themebutton\">Lire la suite<\/a><\/p>\n","protected":false},"author":3,"featured_media":0,"comment_status":"closed","ping_status":"closed","sticky":false,"template":"","format":"standard","meta":{"ngg_post_thumbnail":0,"footnotes":""},"categories":[21,20,22],"tags":[],"_links":{"self":[{"href":"https:\/\/coueron-st-symphorien.fr\/index.php?rest_route=\/wp\/v2\/posts\/17899"}],"collection":[{"href":"https:\/\/coueron-st-symphorien.fr\/index.php?rest_route=\/wp\/v2\/posts"}],"about":[{"href":"https:\/\/coueron-st-symphorien.fr\/index.php?rest_route=\/wp\/v2\/types\/post"}],"author":[{"embeddable":true,"href":"https:\/\/coueron-st-symphorien.fr\/index.php?rest_route=\/wp\/v2\/users\/3"}],"replies":[{"embeddable":true,"href":"https:\/\/coueron-st-symphorien.fr\/index.php?rest_route=%2Fwp%2Fv2%2Fcomments&post=17899"}],"version-history":[{"count":4,"href":"https:\/\/coueron-st-symphorien.fr\/index.php?rest_route=\/wp\/v2\/posts\/17899\/revisions"}],"predecessor-version":[{"id":17967,"href":"https:\/\/coueron-st-symphorien.fr\/index.php?rest_route=\/wp\/v2\/posts\/17899\/revisions\/17967"}],"wp:attachment":[{"href":"https:\/\/coueron-st-symphorien.fr\/index.php?rest_route=%2Fwp%2Fv2%2Fmedia&parent=17899"}],"wp:term":[{"taxonomy":"category","embeddable":true,"href":"https:\/\/coueron-st-symphorien.fr\/index.php?rest_route=%2Fwp%2Fv2%2Fcategories&post=17899"},{"taxonomy":"post_tag","embeddable":true,"href":"https:\/\/coueron-st-symphorien.fr\/index.php?rest_route=%2Fwp%2Fv2%2Ftags&post=17899"}],"curies":[{"name":"wp","href":"https:\/\/api.w.org\/{rel}","templated":true}]}}