{"id":17718,"date":"2019-05-22T04:44:30","date_gmt":"2019-05-22T03:44:30","guid":{"rendered":"https:\/\/coueron-st-symphorien.fr\/?p=17718"},"modified":"2019-05-22T04:44:30","modified_gmt":"2019-05-22T03:44:30","slug":"un-mardi-au-mont-saint-michel","status":"publish","type":"post","link":"https:\/\/coueron-st-symphorien.fr\/?p=17718","title":{"rendered":"Un mardi au Mont Saint-Michel"},"content":{"rendered":"<p>Note : petite erreur de manipulation hier soir pour le site. Excusez-nous pour le retard.<\/p>\n<p>Ce matin, nous nous sommes lev\u00e9s \u00e0 6h45 pour prendre la route vers la Normandie, et tout sp\u00e9cialement vers le Mont Saint-Michel. A 10 h, nos 3 guides nous attendaient en bas du Mont et nous ont cont\u00e9 l&rsquo;histoire de ce rocher. Puis, nous avons entam\u00e9 l&rsquo;ascension du village m\u00e9di\u00e9val sous un beau ciel bleu. Nous avons visit\u00e9 l&rsquo;abbaye et sommes dor\u00e9navant incollables sur le style gothique et roman !&nbsp;<\/p>\n<p>Nous nous sommes ensuite tous retrouv\u00e9s pour pique-niquer.<\/p>\n<p>L&rsquo;apr\u00e8s-midi, nous avons d\u00e9couvert la baie du Mont Saint Michel autrement&nbsp; : les pieds dans la vase pour une exp\u00e9dition scientifique !<\/p>\n<p>Arm\u00e9 de notre courage, nous nous sommes aventur\u00e9s sur la baie parfois glissante voir mouvante&#8230; En effet, nos guides ont expliqu\u00e9 le ph\u00e9nom\u00e8ne de sables mouvants par une d\u00e9monstration puis les volontaires s&rsquo;y sont test\u00e9s, \u00e0 leurs risques p\u00e9rils! Dans ce grandiose espace avec une vue imprenable sur la face nord du Mont, les \u00e9l\u00e8ves ont pu marcher, courir et d\u00e9couvrir l&rsquo;\u00e9cosyst\u00e8me local, la cha\u00eene alimentaire ainsi que le fonctionnement des mar\u00e9es.<\/p>\n<p>De retour au manoir, une douche express\u00e9ment prise, les \u00e9l\u00e8ves ont pu se retrouver au calme dans leurs chambres respectives pour une veill\u00e9e plume \u00e0 la main&#8230;&nbsp;<\/p>\nngg_shortcode_0_placeholder\n","protected":false},"excerpt":{"rendered":"<p>Note : petite erreur de manipulation hier soir pour le site. Excusez-nous pour le retard. Ce matin, nous nous sommes lev\u00e9s \u00e0 6h45 pour prendre la route vers la Normandie, et tout sp\u00e9cialement vers le Mont Saint-Michel. A 10 h, nos 3 guides nous attendaient en bas du Mont et nous ont cont\u00e9 l&rsquo;histoire de<\/p>\n<p><a href=\"https:\/\/coueron-st-symphorien.fr\/?p=17718\" class=\"more-link themebutton\">Lire la suite<\/a><\/p>\n","protected":false},"author":3,"featured_media":0,"comment_status":"closed","ping_status":"closed","sticky":false,"template":"","format":"standard","meta":{"ngg_post_thumbnail":0,"footnotes":""},"categories":[21,20,22,1],"tags":[],"_links":{"self":[{"href":"https:\/\/coueron-st-symphorien.fr\/index.php?rest_route=\/wp\/v2\/posts\/17718"}],"collection":[{"href":"https:\/\/coueron-st-symphorien.fr\/index.php?rest_route=\/wp\/v2\/posts"}],"about":[{"href":"https:\/\/coueron-st-symphorien.fr\/index.php?rest_route=\/wp\/v2\/types\/post"}],"author":[{"embeddable":true,"href":"https:\/\/coueron-st-symphorien.fr\/index.php?rest_route=\/wp\/v2\/users\/3"}],"replies":[{"embeddable":true,"href":"https:\/\/coueron-st-symphorien.fr\/index.php?rest_route=%2Fwp%2Fv2%2Fcomments&post=17718"}],"version-history":[{"count":3,"href":"https:\/\/coueron-st-symphorien.fr\/index.php?rest_route=\/wp\/v2\/posts\/17718\/revisions"}],"predecessor-version":[{"id":17805,"href":"https:\/\/coueron-st-symphorien.fr\/index.php?rest_route=\/wp\/v2\/posts\/17718\/revisions\/17805"}],"wp:attachment":[{"href":"https:\/\/coueron-st-symphorien.fr\/index.php?rest_route=%2Fwp%2Fv2%2Fmedia&parent=17718"}],"wp:term":[{"taxonomy":"category","embeddable":true,"href":"https:\/\/coueron-st-symphorien.fr\/index.php?rest_route=%2Fwp%2Fv2%2Fcategories&post=17718"},{"taxonomy":"post_tag","embeddable":true,"href":"https:\/\/coueron-st-symphorien.fr\/index.php?rest_route=%2Fwp%2Fv2%2Ftags&post=17718"}],"curies":[{"name":"wp","href":"https:\/\/api.w.org\/{rel}","templated":true}]}}