{"id":17646,"date":"2019-05-20T20:12:35","date_gmt":"2019-05-20T19:12:35","guid":{"rendered":"https:\/\/coueron-st-symphorien.fr\/?p=17646"},"modified":"2019-05-20T20:12:35","modified_gmt":"2019-05-20T19:12:35","slug":"cest-le-jour-1","status":"publish","type":"post","link":"https:\/\/coueron-st-symphorien.fr\/?p=17646","title":{"rendered":"C&rsquo;est le jour 1&#8230;."},"content":{"rendered":"<p>ngg_shortcode_0_placeholderBonjour, le trajet s\u2019est bien d\u00e9roul\u00e9. Nous sommes arriv\u00e9s au centre de la Goeletterie, vers midi. Nous y avons d\u00e9jeun\u00e9, puis chacun s\u2019est install\u00e9 dans sa chambre. Vers 14h, &nbsp;nous avons pris la direction de St Malo et de ses remparts. Les guides de l\u2019office de tourisme ont fait d\u00e9couvrir aux \u00e9l\u00e8ves l\u2019histoire de cette cit\u00e9.<\/p>\n<p>Retour au centre en fin d\u2019apr\u00e8s-midi pour un temps de d\u00e9tente en ext\u00e9rieur, sous le soleil. Puis ce fut le temps de l\u2019installation, des douches, du d\u00eener.<\/p>\n<p>La soir\u00e9e conte cl\u00f4ture cette premi\u00e8re \u00e9tape et le lever de demain matin se fera vers 7h00, pour une journ\u00e9e au Mont St Michel\u2026<\/p>\n","protected":false},"excerpt":{"rendered":"<p>Bonjour, le trajet s\u2019est bien d\u00e9roul\u00e9. Nous sommes arriv\u00e9s au centre de la Goeletterie, vers midi. Nous y avons d\u00e9jeun\u00e9, puis chacun s\u2019est install\u00e9 dans sa chambre. Vers 14h, &nbsp;nous avons pris la direction de St Malo et de ses remparts. Les guides de l\u2019office de tourisme ont fait d\u00e9couvrir aux \u00e9l\u00e8ves l\u2019histoire de cette<\/p>\n<p><a href=\"https:\/\/coueron-st-symphorien.fr\/?p=17646\" class=\"more-link themebutton\">Lire la suite<\/a><\/p>\n","protected":false},"author":3,"featured_media":0,"comment_status":"closed","ping_status":"closed","sticky":false,"template":"","format":"standard","meta":{"ngg_post_thumbnail":0,"footnotes":""},"categories":[21,20,22,1],"tags":[],"_links":{"self":[{"href":"https:\/\/coueron-st-symphorien.fr\/index.php?rest_route=\/wp\/v2\/posts\/17646"}],"collection":[{"href":"https:\/\/coueron-st-symphorien.fr\/index.php?rest_route=\/wp\/v2\/posts"}],"about":[{"href":"https:\/\/coueron-st-symphorien.fr\/index.php?rest_route=\/wp\/v2\/types\/post"}],"author":[{"embeddable":true,"href":"https:\/\/coueron-st-symphorien.fr\/index.php?rest_route=\/wp\/v2\/users\/3"}],"replies":[{"embeddable":true,"href":"https:\/\/coueron-st-symphorien.fr\/index.php?rest_route=%2Fwp%2Fv2%2Fcomments&post=17646"}],"version-history":[{"count":3,"href":"https:\/\/coueron-st-symphorien.fr\/index.php?rest_route=\/wp\/v2\/posts\/17646\/revisions"}],"predecessor-version":[{"id":17717,"href":"https:\/\/coueron-st-symphorien.fr\/index.php?rest_route=\/wp\/v2\/posts\/17646\/revisions\/17717"}],"wp:attachment":[{"href":"https:\/\/coueron-st-symphorien.fr\/index.php?rest_route=%2Fwp%2Fv2%2Fmedia&parent=17646"}],"wp:term":[{"taxonomy":"category","embeddable":true,"href":"https:\/\/coueron-st-symphorien.fr\/index.php?rest_route=%2Fwp%2Fv2%2Fcategories&post=17646"},{"taxonomy":"post_tag","embeddable":true,"href":"https:\/\/coueron-st-symphorien.fr\/index.php?rest_route=%2Fwp%2Fv2%2Ftags&post=17646"}],"curies":[{"name":"wp","href":"https:\/\/api.w.org\/{rel}","templated":true}]}}