{"id":16660,"date":"2019-03-20T13:05:26","date_gmt":"2019-03-20T12:05:26","guid":{"rendered":"https:\/\/coueron-st-symphorien.fr\/?p=16660"},"modified":"2019-03-20T13:05:26","modified_gmt":"2019-03-20T12:05:26","slug":"matinee-fete-des-arts-avec-nos-anges-gardiens","status":"publish","type":"post","link":"https:\/\/coueron-st-symphorien.fr\/?p=16660","title":{"rendered":"Matin\u00e9e f\u00eate des arts avec nos anges-gardiens"},"content":{"rendered":"<p>Le mercredi matin 28 novembre nous avons fait une cr\u00e9ation artistique en groupe avec nos anges-gardiens, \u00e0 partir d&rsquo;articles de journaux.<\/p>\nngg_shortcode_0_placeholder\n","protected":false},"excerpt":{"rendered":"<p>Le mercredi matin 28 novembre nous avons fait une cr\u00e9ation artistique en groupe avec nos anges-gardiens, \u00e0 partir d&rsquo;articles de journaux.<\/p>\n","protected":false},"author":6,"featured_media":0,"comment_status":"closed","ping_status":"closed","sticky":false,"template":"","format":"standard","meta":{"ngg_post_thumbnail":0,"footnotes":""},"categories":[18],"tags":[],"_links":{"self":[{"href":"https:\/\/coueron-st-symphorien.fr\/index.php?rest_route=\/wp\/v2\/posts\/16660"}],"collection":[{"href":"https:\/\/coueron-st-symphorien.fr\/index.php?rest_route=\/wp\/v2\/posts"}],"about":[{"href":"https:\/\/coueron-st-symphorien.fr\/index.php?rest_route=\/wp\/v2\/types\/post"}],"author":[{"embeddable":true,"href":"https:\/\/coueron-st-symphorien.fr\/index.php?rest_route=\/wp\/v2\/users\/6"}],"replies":[{"embeddable":true,"href":"https:\/\/coueron-st-symphorien.fr\/index.php?rest_route=%2Fwp%2Fv2%2Fcomments&post=16660"}],"version-history":[{"count":2,"href":"https:\/\/coueron-st-symphorien.fr\/index.php?rest_route=\/wp\/v2\/posts\/16660\/revisions"}],"predecessor-version":[{"id":16693,"href":"https:\/\/coueron-st-symphorien.fr\/index.php?rest_route=\/wp\/v2\/posts\/16660\/revisions\/16693"}],"wp:attachment":[{"href":"https:\/\/coueron-st-symphorien.fr\/index.php?rest_route=%2Fwp%2Fv2%2Fmedia&parent=16660"}],"wp:term":[{"taxonomy":"category","embeddable":true,"href":"https:\/\/coueron-st-symphorien.fr\/index.php?rest_route=%2Fwp%2Fv2%2Fcategories&post=16660"},{"taxonomy":"post_tag","embeddable":true,"href":"https:\/\/coueron-st-symphorien.fr\/index.php?rest_route=%2Fwp%2Fv2%2Ftags&post=16660"}],"curies":[{"name":"wp","href":"https:\/\/api.w.org\/{rel}","templated":true}]}}