{"id":15551,"date":"2019-01-06T16:32:10","date_gmt":"2019-01-06T15:32:10","guid":{"rendered":"https:\/\/coueron-st-symphorien.fr\/?p=15551"},"modified":"2019-01-06T16:32:10","modified_gmt":"2019-01-06T15:32:10","slug":"les-cm1-cm2-en-visite-a-lecole-maternelle","status":"publish","type":"post","link":"https:\/\/coueron-st-symphorien.fr\/?p=15551","title":{"rendered":"Les CM1 CM2 en visite \u00e0 l&rsquo;\u00e9cole maternelle"},"content":{"rendered":"<p>Comme chaque ann\u00e9e, ce sont les \u00e9l\u00e8ves de CM1 CM2 qui ont d\u00e9marr\u00e9 les s\u00e9ances de lecture en maternelle.<\/p>\n<p>Les lundis 1er et 15 octobre, ils ont eu le plaisir de lire des albums \u00e0 leurs camarades de maternelle. Une pr\u00e9paration avait eu lieu en classe et \u00e0 la maison.<\/p>\n<p>La classe de CM2 a poursuivi l&rsquo;aventure, puis ce sera au tour de chaque classe primaire de participer.<\/p>\n<p>Rendez-vous l&rsquo;ann\u00e9e prochaine!<\/p>\nngg_shortcode_0_placeholder\n","protected":false},"excerpt":{"rendered":"<p>Comme chaque ann\u00e9e, ce sont les \u00e9l\u00e8ves de CM1 CM2 qui ont d\u00e9marr\u00e9 les s\u00e9ances de lecture en maternelle. Les lundis 1er et 15 octobre, ils ont eu le plaisir de lire des albums \u00e0 leurs camarades de maternelle. Une pr\u00e9paration avait eu lieu en classe et \u00e0 la maison. La classe de CM2 a<\/p>\n<p><a href=\"https:\/\/coueron-st-symphorien.fr\/?p=15551\" class=\"more-link themebutton\">Lire la suite<\/a><\/p>\n","protected":false},"author":7,"featured_media":0,"comment_status":"closed","ping_status":"closed","sticky":false,"template":"","format":"standard","meta":{"ngg_post_thumbnail":0,"footnotes":""},"categories":[21,14,13,12,11],"tags":[],"_links":{"self":[{"href":"https:\/\/coueron-st-symphorien.fr\/index.php?rest_route=\/wp\/v2\/posts\/15551"}],"collection":[{"href":"https:\/\/coueron-st-symphorien.fr\/index.php?rest_route=\/wp\/v2\/posts"}],"about":[{"href":"https:\/\/coueron-st-symphorien.fr\/index.php?rest_route=\/wp\/v2\/types\/post"}],"author":[{"embeddable":true,"href":"https:\/\/coueron-st-symphorien.fr\/index.php?rest_route=\/wp\/v2\/users\/7"}],"replies":[{"embeddable":true,"href":"https:\/\/coueron-st-symphorien.fr\/index.php?rest_route=%2Fwp%2Fv2%2Fcomments&post=15551"}],"version-history":[{"count":1,"href":"https:\/\/coueron-st-symphorien.fr\/index.php?rest_route=\/wp\/v2\/posts\/15551\/revisions"}],"predecessor-version":[{"id":15552,"href":"https:\/\/coueron-st-symphorien.fr\/index.php?rest_route=\/wp\/v2\/posts\/15551\/revisions\/15552"}],"wp:attachment":[{"href":"https:\/\/coueron-st-symphorien.fr\/index.php?rest_route=%2Fwp%2Fv2%2Fmedia&parent=15551"}],"wp:term":[{"taxonomy":"category","embeddable":true,"href":"https:\/\/coueron-st-symphorien.fr\/index.php?rest_route=%2Fwp%2Fv2%2Fcategories&post=15551"},{"taxonomy":"post_tag","embeddable":true,"href":"https:\/\/coueron-st-symphorien.fr\/index.php?rest_route=%2Fwp%2Fv2%2Ftags&post=15551"}],"curies":[{"name":"wp","href":"https:\/\/api.w.org\/{rel}","templated":true}]}}