{"id":15525,"date":"2019-01-06T15:56:26","date_gmt":"2019-01-06T14:56:26","guid":{"rendered":"https:\/\/coueron-st-symphorien.fr\/?p=15525"},"modified":"2019-01-06T15:56:26","modified_gmt":"2019-01-06T14:56:26","slug":"premiere-rencontre-avec-les-6emes-pour-le-defi-maths","status":"publish","type":"post","link":"https:\/\/coueron-st-symphorien.fr\/?p=15525","title":{"rendered":"Premi\u00e8re rencontre avec les 6\u00e8mes pour le d\u00e9fi maths"},"content":{"rendered":"<p>Les \u00e9l\u00e8ves de sixi\u00e8mes de Mme Couton, professeur de math\u00e9matiques au coll\u00e8ge Sainte-Philom\u00e8ne sont venus \u00e0 l&rsquo;\u00e9cole pour rencontrer les \u00e9l\u00e8ves de CM1-CM2 et de CM2 afin de constituer les \u00e9quipes qui participeront au nouveau d\u00e9fi maths.<\/p>\n<p>Cette rencontre qui a eu lieu le vendredi 23 novembre a permis aux \u00e9l\u00e8ves de faire connaissance autour de jeux math\u00e9matiques. C&rsquo;\u00e9tait \u00e9galement l&rsquo;occasion pour d&rsquo;anciens \u00e9l\u00e8ves de revenir \u00e0 l&rsquo;\u00e9cole primaire!<\/p>\n<p>ngg_shortcode_0_placeholderPlusieurs \u00e9preuves auront lieu dans l&rsquo;ann\u00e9e, \u00e0 l&rsquo;\u00e9cole comme au coll\u00e8ge, avant la grande finale le 16 mai au coll\u00e8ge Sainte-Philom\u00e8ne.<\/p>\n<p>&nbsp;<\/p>\n","protected":false},"excerpt":{"rendered":"<p>Les \u00e9l\u00e8ves de sixi\u00e8mes de Mme Couton, professeur de math\u00e9matiques au coll\u00e8ge Sainte-Philom\u00e8ne sont venus \u00e0 l&rsquo;\u00e9cole pour rencontrer les \u00e9l\u00e8ves de CM1-CM2 et de CM2 afin de constituer les \u00e9quipes qui participeront au nouveau d\u00e9fi maths. Cette rencontre qui a eu lieu le vendredi 23 novembre a permis aux \u00e9l\u00e8ves de faire connaissance autour<\/p>\n<p><a href=\"https:\/\/coueron-st-symphorien.fr\/?p=15525\" class=\"more-link themebutton\">Lire la suite<\/a><\/p>\n","protected":false},"author":7,"featured_media":0,"comment_status":"closed","ping_status":"closed","sticky":false,"template":"","format":"standard","meta":{"ngg_post_thumbnail":0,"footnotes":""},"categories":[21,22],"tags":[],"_links":{"self":[{"href":"https:\/\/coueron-st-symphorien.fr\/index.php?rest_route=\/wp\/v2\/posts\/15525"}],"collection":[{"href":"https:\/\/coueron-st-symphorien.fr\/index.php?rest_route=\/wp\/v2\/posts"}],"about":[{"href":"https:\/\/coueron-st-symphorien.fr\/index.php?rest_route=\/wp\/v2\/types\/post"}],"author":[{"embeddable":true,"href":"https:\/\/coueron-st-symphorien.fr\/index.php?rest_route=\/wp\/v2\/users\/7"}],"replies":[{"embeddable":true,"href":"https:\/\/coueron-st-symphorien.fr\/index.php?rest_route=%2Fwp%2Fv2%2Fcomments&post=15525"}],"version-history":[{"count":2,"href":"https:\/\/coueron-st-symphorien.fr\/index.php?rest_route=\/wp\/v2\/posts\/15525\/revisions"}],"predecessor-version":[{"id":15527,"href":"https:\/\/coueron-st-symphorien.fr\/index.php?rest_route=\/wp\/v2\/posts\/15525\/revisions\/15527"}],"wp:attachment":[{"href":"https:\/\/coueron-st-symphorien.fr\/index.php?rest_route=%2Fwp%2Fv2%2Fmedia&parent=15525"}],"wp:term":[{"taxonomy":"category","embeddable":true,"href":"https:\/\/coueron-st-symphorien.fr\/index.php?rest_route=%2Fwp%2Fv2%2Fcategories&post=15525"},{"taxonomy":"post_tag","embeddable":true,"href":"https:\/\/coueron-st-symphorien.fr\/index.php?rest_route=%2Fwp%2Fv2%2Ftags&post=15525"}],"curies":[{"name":"wp","href":"https:\/\/api.w.org\/{rel}","templated":true}]}}