{"id":15512,"date":"2019-01-06T15:38:20","date_gmt":"2019-01-06T14:38:20","guid":{"rendered":"https:\/\/coueron-st-symphorien.fr\/?p=15512"},"modified":"2019-01-06T15:38:20","modified_gmt":"2019-01-06T14:38:20","slug":"election-des-delegue-e-s","status":"publish","type":"post","link":"https:\/\/coueron-st-symphorien.fr\/?p=15512","title":{"rendered":"Election des d\u00e9l\u00e9gu\u00e9.e.s"},"content":{"rendered":"<p>Le vendredi 28 septembre, les \u00e9l\u00e8ves de classe, accompagn\u00e9s de leurs anges gardiens de la classe de CE1 CE2 de Nelly Pallier, ont \u00e9lu leurs d\u00e9l\u00e9gu\u00e9.e.s.<\/p>\n<p>Apr\u00e8s avoir men\u00e9 leur campagne \u00e9lectorale aux c\u00f4t\u00e9s des autres candidat.e.s, Lily et Malena ont \u00e9t\u00e9 choisies par leurs pairs pour les repr\u00e9senter au sein de l&rsquo;\u00e9cole.<\/p>\n<p>F\u00e9licitations \u00e0 toutes les deux!<\/p>\n<p>Valentin et Titouan ont quant \u00e0 eux obtenu les r\u00f4les de d\u00e9l\u00e9gu\u00e9s suppl\u00e9ants.<\/p>\n<p>&nbsp;<\/p>\nngg_shortcode_0_placeholder\n","protected":false},"excerpt":{"rendered":"<p>Le vendredi 28 septembre, les \u00e9l\u00e8ves de classe, accompagn\u00e9s de leurs anges gardiens de la classe de CE1 CE2 de Nelly Pallier, ont \u00e9lu leurs d\u00e9l\u00e9gu\u00e9.e.s. Apr\u00e8s avoir men\u00e9 leur campagne \u00e9lectorale aux c\u00f4t\u00e9s des autres candidat.e.s, Lily et Malena ont \u00e9t\u00e9 choisies par leurs pairs pour les repr\u00e9senter au sein de l&rsquo;\u00e9cole. F\u00e9licitations \u00e0<\/p>\n<p><a href=\"https:\/\/coueron-st-symphorien.fr\/?p=15512\" class=\"more-link themebutton\">Lire la suite<\/a><\/p>\n","protected":false},"author":7,"featured_media":0,"comment_status":"closed","ping_status":"closed","sticky":false,"template":"","format":"standard","meta":{"ngg_post_thumbnail":0,"footnotes":""},"categories":[21],"tags":[],"_links":{"self":[{"href":"https:\/\/coueron-st-symphorien.fr\/index.php?rest_route=\/wp\/v2\/posts\/15512"}],"collection":[{"href":"https:\/\/coueron-st-symphorien.fr\/index.php?rest_route=\/wp\/v2\/posts"}],"about":[{"href":"https:\/\/coueron-st-symphorien.fr\/index.php?rest_route=\/wp\/v2\/types\/post"}],"author":[{"embeddable":true,"href":"https:\/\/coueron-st-symphorien.fr\/index.php?rest_route=\/wp\/v2\/users\/7"}],"replies":[{"embeddable":true,"href":"https:\/\/coueron-st-symphorien.fr\/index.php?rest_route=%2Fwp%2Fv2%2Fcomments&post=15512"}],"version-history":[{"count":2,"href":"https:\/\/coueron-st-symphorien.fr\/index.php?rest_route=\/wp\/v2\/posts\/15512\/revisions"}],"predecessor-version":[{"id":15514,"href":"https:\/\/coueron-st-symphorien.fr\/index.php?rest_route=\/wp\/v2\/posts\/15512\/revisions\/15514"}],"wp:attachment":[{"href":"https:\/\/coueron-st-symphorien.fr\/index.php?rest_route=%2Fwp%2Fv2%2Fmedia&parent=15512"}],"wp:term":[{"taxonomy":"category","embeddable":true,"href":"https:\/\/coueron-st-symphorien.fr\/index.php?rest_route=%2Fwp%2Fv2%2Fcategories&post=15512"},{"taxonomy":"post_tag","embeddable":true,"href":"https:\/\/coueron-st-symphorien.fr\/index.php?rest_route=%2Fwp%2Fv2%2Ftags&post=15512"}],"curies":[{"name":"wp","href":"https:\/\/api.w.org\/{rel}","templated":true}]}}