{"id":15320,"date":"2018-11-12T17:20:49","date_gmt":"2018-11-12T16:20:49","guid":{"rendered":"https:\/\/coueron-st-symphorien.fr\/?p=15320"},"modified":"2018-11-12T17:20:49","modified_gmt":"2018-11-12T16:20:49","slug":"ce1-ce2-elections-de-nos-delegues-de-classe-avec-nos-anges-gardiens","status":"publish","type":"post","link":"https:\/\/coueron-st-symphorien.fr\/?p=15320","title":{"rendered":"CE1\/CE2 : \u00e9lections de nos d\u00e9l\u00e9gu\u00e9s de classe avec nos anges-gardiens"},"content":{"rendered":"<p>Le vendredi 28 septembre, nous nous sommes retrouv\u00e9s dans la salle polyvalente avec nos anges-gardiens, pour \u00e9lire nos d\u00e9l\u00e9gu\u00e9s de classe. La salle polyvalente \u00e9tait transform\u00e9e en bureau de vote. Munis de notre carte d&rsquo;\u00e9lecteur, nous avons pris les bulletins de vote, puis nous sommes all\u00e9s dans l&rsquo;isoloir pour glisser notre bulletin dans l&rsquo;enveloppe. Ensuite nous avons d\u00e9pos\u00e9 notre enveloppe dans l&rsquo;urne, et nous avons \u00e9marg\u00e9 sur la liste d&rsquo;\u00e9margement. Cela nous a permis d&rsquo;apprendre du nouveau vocabulaire.<\/p>\n<p>Ensuite nous avons compl\u00e9t\u00e9 le proc\u00e8s-verbal : en CE1, Victoria a \u00e9t\u00e9 \u00e9lue d\u00e9l\u00e9gu\u00e9e et Leny suppl\u00e9ant. En CE2 Ewen est notre d\u00e9l\u00e9gu\u00e9 et Elina notre suppl\u00e9ante.<\/p>\nngg_shortcode_0_placeholder\n","protected":false},"excerpt":{"rendered":"<p>Le vendredi 28 septembre, nous nous sommes retrouv\u00e9s dans la salle polyvalente avec nos anges-gardiens, pour \u00e9lire nos d\u00e9l\u00e9gu\u00e9s de classe. La salle polyvalente \u00e9tait transform\u00e9e en bureau de vote. Munis de notre carte d&rsquo;\u00e9lecteur, nous avons pris les bulletins de vote, puis nous sommes all\u00e9s dans l&rsquo;isoloir pour glisser notre bulletin dans l&rsquo;enveloppe. Ensuite<\/p>\n<p><a href=\"https:\/\/coueron-st-symphorien.fr\/?p=15320\" class=\"more-link themebutton\">Lire la suite<\/a><\/p>\n","protected":false},"author":6,"featured_media":0,"comment_status":"closed","ping_status":"closed","sticky":false,"template":"","format":"standard","meta":{"ngg_post_thumbnail":0,"footnotes":""},"categories":[18],"tags":[],"_links":{"self":[{"href":"https:\/\/coueron-st-symphorien.fr\/index.php?rest_route=\/wp\/v2\/posts\/15320"}],"collection":[{"href":"https:\/\/coueron-st-symphorien.fr\/index.php?rest_route=\/wp\/v2\/posts"}],"about":[{"href":"https:\/\/coueron-st-symphorien.fr\/index.php?rest_route=\/wp\/v2\/types\/post"}],"author":[{"embeddable":true,"href":"https:\/\/coueron-st-symphorien.fr\/index.php?rest_route=\/wp\/v2\/users\/6"}],"replies":[{"embeddable":true,"href":"https:\/\/coueron-st-symphorien.fr\/index.php?rest_route=%2Fwp%2Fv2%2Fcomments&post=15320"}],"version-history":[{"count":2,"href":"https:\/\/coueron-st-symphorien.fr\/index.php?rest_route=\/wp\/v2\/posts\/15320\/revisions"}],"predecessor-version":[{"id":15338,"href":"https:\/\/coueron-st-symphorien.fr\/index.php?rest_route=\/wp\/v2\/posts\/15320\/revisions\/15338"}],"wp:attachment":[{"href":"https:\/\/coueron-st-symphorien.fr\/index.php?rest_route=%2Fwp%2Fv2%2Fmedia&parent=15320"}],"wp:term":[{"taxonomy":"category","embeddable":true,"href":"https:\/\/coueron-st-symphorien.fr\/index.php?rest_route=%2Fwp%2Fv2%2Fcategories&post=15320"},{"taxonomy":"post_tag","embeddable":true,"href":"https:\/\/coueron-st-symphorien.fr\/index.php?rest_route=%2Fwp%2Fv2%2Ftags&post=15320"}],"curies":[{"name":"wp","href":"https:\/\/api.w.org\/{rel}","templated":true}]}}