{"id":15271,"date":"2018-11-10T17:22:01","date_gmt":"2018-11-10T16:22:01","guid":{"rendered":"https:\/\/coueron-st-symphorien.fr\/?p=15271"},"modified":"2018-11-11T12:39:12","modified_gmt":"2018-11-11T11:39:12","slug":"commemoration-du-11-novembre","status":"publish","type":"post","link":"https:\/\/coueron-st-symphorien.fr\/?p=15271","title":{"rendered":"Comm\u00e9moration du 11 Novembre"},"content":{"rendered":"<p>Afin de rendre plus concret le travail fait autour de la comm\u00e9moration du 11 novembre 2018, nous sommes all\u00e9s voir le monument aux morts de la commune place de la mairie.<\/p>\n<p>Nous avons rep\u00e9r\u00e9 la statue d&rsquo;un poilu portant une grenade dans sa main, la croix de guerre (d\u00e9coration militaire), diff\u00e9rents palmes d&rsquo;olivier et bien s\u00fbr la liste des soldats morts lors de ces deux derni\u00e8res guerres mondiales.<\/p>\n<p>Nous l&rsquo;avons compar\u00e9 aux monuments aux morts d&rsquo;Abscon (59) que nous avons d\u00e9couvert \u00e0 travers un texte documentaire en classe. Un travail autour de la tombe du soldat inconnu a aussi \u00e9t\u00e9 fait.&nbsp;<\/p>\n<p>Un travail de m\u00e9moire important qui peut-\u00eatre prolong\u00e9 ce dimanche 11 novembre en assistant \u00e0 la comm\u00e9moration du 11 novembre que ce soit \u00e0 Cou\u00ebron ou \u00e0 la t\u00e9l\u00e9vision.<\/p>\n<p><a href=\"https:\/\/coueron-st-symphorien.fr\/wp-content\/uploads\/2018\/11\/20181108_153517.jpg\"><img loading=\"lazy\" decoding=\"async\" class=\"size-large wp-image-15272 aligncenter\" src=\"https:\/\/coueron-st-symphorien.fr\/wp-content\/uploads\/2018\/11\/20181108_153517-768x1024.jpg\" alt=\"\" width=\"768\" height=\"1024\" srcset=\"https:\/\/coueron-st-symphorien.fr\/wp-content\/uploads\/2018\/11\/20181108_153517-768x1024.jpg 768w, https:\/\/coueron-st-symphorien.fr\/wp-content\/uploads\/2018\/11\/20181108_153517-225x300.jpg 225w, https:\/\/coueron-st-symphorien.fr\/wp-content\/uploads\/2018\/11\/20181108_153517.jpg 1536w\" sizes=\"(max-width: 768px) 100vw, 768px\" \/><\/a><\/p>\n<p>&nbsp;<\/p>\n<p>&nbsp;<\/p>\n","protected":false},"excerpt":{"rendered":"<p>Afin de rendre plus concret le travail fait autour de la comm\u00e9moration du 11 novembre 2018, nous sommes all\u00e9s voir le monument aux morts de la commune place de la mairie. Nous avons rep\u00e9r\u00e9 la statue d&rsquo;un poilu portant une grenade dans sa main, la croix de guerre (d\u00e9coration militaire), diff\u00e9rents palmes d&rsquo;olivier et bien<\/p>\n<p><a href=\"https:\/\/coueron-st-symphorien.fr\/?p=15271\" class=\"more-link themebutton\">Lire la suite<\/a><\/p>\n","protected":false},"author":5,"featured_media":0,"comment_status":"closed","ping_status":"closed","sticky":false,"template":"","format":"standard","meta":{"ngg_post_thumbnail":0,"footnotes":""},"categories":[19],"tags":[],"_links":{"self":[{"href":"https:\/\/coueron-st-symphorien.fr\/index.php?rest_route=\/wp\/v2\/posts\/15271"}],"collection":[{"href":"https:\/\/coueron-st-symphorien.fr\/index.php?rest_route=\/wp\/v2\/posts"}],"about":[{"href":"https:\/\/coueron-st-symphorien.fr\/index.php?rest_route=\/wp\/v2\/types\/post"}],"author":[{"embeddable":true,"href":"https:\/\/coueron-st-symphorien.fr\/index.php?rest_route=\/wp\/v2\/users\/5"}],"replies":[{"embeddable":true,"href":"https:\/\/coueron-st-symphorien.fr\/index.php?rest_route=%2Fwp%2Fv2%2Fcomments&post=15271"}],"version-history":[{"count":3,"href":"https:\/\/coueron-st-symphorien.fr\/index.php?rest_route=\/wp\/v2\/posts\/15271\/revisions"}],"predecessor-version":[{"id":15275,"href":"https:\/\/coueron-st-symphorien.fr\/index.php?rest_route=\/wp\/v2\/posts\/15271\/revisions\/15275"}],"wp:attachment":[{"href":"https:\/\/coueron-st-symphorien.fr\/index.php?rest_route=%2Fwp%2Fv2%2Fmedia&parent=15271"}],"wp:term":[{"taxonomy":"category","embeddable":true,"href":"https:\/\/coueron-st-symphorien.fr\/index.php?rest_route=%2Fwp%2Fv2%2Fcategories&post=15271"},{"taxonomy":"post_tag","embeddable":true,"href":"https:\/\/coueron-st-symphorien.fr\/index.php?rest_route=%2Fwp%2Fv2%2Ftags&post=15271"}],"curies":[{"name":"wp","href":"https:\/\/api.w.org\/{rel}","templated":true}]}}