{"id":14170,"date":"2018-10-22T11:12:49","date_gmt":"2018-10-22T10:12:49","guid":{"rendered":"https:\/\/coueron-st-symphorien.fr\/?p=14170"},"modified":"2018-10-22T11:12:49","modified_gmt":"2018-10-22T10:12:49","slug":"avancees-des-travaux","status":"publish","type":"post","link":"https:\/\/coueron-st-symphorien.fr\/?p=14170","title":{"rendered":"Avanc\u00e9es des travaux"},"content":{"rendered":"<p>Voici un aper\u00e7u des travaux de notre future \u00e9cole.&nbsp;<\/p>\n<p>Depuis cet \u00e9t\u00e9, on peut suivre du parking du th\u00e9\u00e2tre Boris Vian l\u2019avanc\u00e9e des travaux de notre future \u00e9cole &#8230;<br \/>\nCet \u00e9t\u00e9 : pr\u00e9parations, suppression du pr\u00e9au, creuser le sol de la cour pour pr\u00e9parer les fondations<\/p>\nngg_shortcode_0_placeholder\n<p>Septembre : coulage du sol en b\u00e9ton<\/p>\nngg_shortcode_1_placeholder\n<p>Octobre : les murs du rez -de- chauss\u00e9e puis plafond\/plancher du deuxi\u00e8me \u00e9tage<\/p>\nngg_shortcode_2_placeholder\n<p>&nbsp;<\/p>\n","protected":false},"excerpt":{"rendered":"<p>Voici un aper\u00e7u des travaux de notre future \u00e9cole.&nbsp; Depuis cet \u00e9t\u00e9, on peut suivre du parking du th\u00e9\u00e2tre Boris Vian l\u2019avanc\u00e9e des travaux de notre future \u00e9cole &#8230; Cet \u00e9t\u00e9 : pr\u00e9parations, suppression du pr\u00e9au, creuser le sol de la cour pour pr\u00e9parer les fondations Septembre : coulage du sol en b\u00e9ton Octobre :<\/p>\n<p><a href=\"https:\/\/coueron-st-symphorien.fr\/?p=14170\" class=\"more-link themebutton\">Lire la suite<\/a><\/p>\n","protected":false},"author":12,"featured_media":0,"comment_status":"closed","ping_status":"closed","sticky":false,"template":"","format":"standard","meta":{"ngg_post_thumbnail":0,"footnotes":""},"categories":[14,13,12,11],"tags":[],"_links":{"self":[{"href":"https:\/\/coueron-st-symphorien.fr\/index.php?rest_route=\/wp\/v2\/posts\/14170"}],"collection":[{"href":"https:\/\/coueron-st-symphorien.fr\/index.php?rest_route=\/wp\/v2\/posts"}],"about":[{"href":"https:\/\/coueron-st-symphorien.fr\/index.php?rest_route=\/wp\/v2\/types\/post"}],"author":[{"embeddable":true,"href":"https:\/\/coueron-st-symphorien.fr\/index.php?rest_route=\/wp\/v2\/users\/12"}],"replies":[{"embeddable":true,"href":"https:\/\/coueron-st-symphorien.fr\/index.php?rest_route=%2Fwp%2Fv2%2Fcomments&post=14170"}],"version-history":[{"count":2,"href":"https:\/\/coueron-st-symphorien.fr\/index.php?rest_route=\/wp\/v2\/posts\/14170\/revisions"}],"predecessor-version":[{"id":14212,"href":"https:\/\/coueron-st-symphorien.fr\/index.php?rest_route=\/wp\/v2\/posts\/14170\/revisions\/14212"}],"wp:attachment":[{"href":"https:\/\/coueron-st-symphorien.fr\/index.php?rest_route=%2Fwp%2Fv2%2Fmedia&parent=14170"}],"wp:term":[{"taxonomy":"category","embeddable":true,"href":"https:\/\/coueron-st-symphorien.fr\/index.php?rest_route=%2Fwp%2Fv2%2Fcategories&post=14170"},{"taxonomy":"post_tag","embeddable":true,"href":"https:\/\/coueron-st-symphorien.fr\/index.php?rest_route=%2Fwp%2Fv2%2Ftags&post=14170"}],"curies":[{"name":"wp","href":"https:\/\/api.w.org\/{rel}","templated":true}]}}