{"id":13824,"date":"2018-10-08T12:39:31","date_gmt":"2018-10-08T11:39:31","guid":{"rendered":"https:\/\/coueron-st-symphorien.fr\/?p=13824"},"modified":"2018-10-08T12:39:31","modified_gmt":"2018-10-08T11:39:31","slug":"election-des-delegues-3","status":"publish","type":"post","link":"https:\/\/coueron-st-symphorien.fr\/?p=13824","title":{"rendered":"Election des d\u00e9l\u00e9gu\u00e9s"},"content":{"rendered":"<p>Un grand moment de citoyennet\u00e9&nbsp;entre ange-gardiens&nbsp;!<\/p>\n<p>Avant de faire l\u2019\u00e9lection des d\u00e9l\u00e9gu\u00e9s, nous avons d\u00e9fini le r\u00f4le d\u2019un d\u00e9l\u00e9gu\u00e9&nbsp;: il doit \u00eatre le porte-parole de la classe dans l&rsquo;\u00e9cole, il participe aux d\u00e9cisions prises dans l\u2019\u00e9cole afin d\u2019y am\u00e9liorer la qualit\u00e9 de vie, r\u00e9soudre des probl\u00e8mes&#8230;<\/p>\n<p>Nous avons aussi travaill\u00e9 sur les diff\u00e9rentes \u00e9tapes d\u2019une \u00e9lection et expliqu\u00e9 le lexique qui s\u2019y rapporte. Chaque \u00e9l\u00e8ve devait r\u00e9fl\u00e9chir s\u2019il se portait candidat et d\u00e9poser sa fiche de candidature s\u2019il le souhaitait. Il a aussi d\u00fb faire sa campagne \u00e9lectorale&nbsp;!<\/p>\n<p>Le vendredi 28 septembre, nous avons \u00e9lu un d\u00e9l\u00e9gu\u00e9 et son suppl\u00e9ant. En CE1, Constance a \u00e9t\u00e9 \u00e9lue d\u00e9l\u00e9gu\u00e9 et Viktor d\u00e9l\u00e9gu\u00e9 suppl\u00e9ant. Dans la classe de nos anges-gardiens, c\u2019est Alan qui a \u00e9t\u00e9 \u00e9lu d\u00e9l\u00e9gu\u00e9 et L\u00e9anne la suppl\u00e9ante.<\/p>\n<p>Nous avons suivi presque le m\u00eame d\u00e9roulement que les \u00e9lections des citoyens fran\u00e7ais. Les \u00e9l\u00e8ves ont mis leur enveloppe dans une \u00ab&nbsp;vraie&nbsp;\u00bb urne. Ils sont pass\u00e9s dans l\u2019isoloir et ont \u00e9marg\u00e9. Chaque \u00e9l\u00e8ve devait avoir sa carte \u00e9lectorale scolaire pour avoir le droit de voter.<\/p>\n<p><em><strong>A vot\u00e9&nbsp;!<\/strong><\/em><\/p>\nngg_shortcode_0_placeholder\n<p>&nbsp;<\/p>\n","protected":false},"excerpt":{"rendered":"<p>Un grand moment de citoyennet\u00e9&nbsp;entre ange-gardiens&nbsp;! Avant de faire l\u2019\u00e9lection des d\u00e9l\u00e9gu\u00e9s, nous avons d\u00e9fini le r\u00f4le d\u2019un d\u00e9l\u00e9gu\u00e9&nbsp;: il doit \u00eatre le porte-parole de la classe dans l&rsquo;\u00e9cole, il participe aux d\u00e9cisions prises dans l\u2019\u00e9cole afin d\u2019y am\u00e9liorer la qualit\u00e9 de vie, r\u00e9soudre des probl\u00e8mes&#8230; Nous avons aussi travaill\u00e9 sur les diff\u00e9rentes \u00e9tapes d\u2019une<\/p>\n<p><a href=\"https:\/\/coueron-st-symphorien.fr\/?p=13824\" class=\"more-link themebutton\">Lire la suite<\/a><\/p>\n","protected":false},"author":14,"featured_media":0,"comment_status":"closed","ping_status":"closed","sticky":false,"template":"","format":"standard","meta":{"ngg_post_thumbnail":0,"footnotes":""},"categories":[17,22],"tags":[],"_links":{"self":[{"href":"https:\/\/coueron-st-symphorien.fr\/index.php?rest_route=\/wp\/v2\/posts\/13824"}],"collection":[{"href":"https:\/\/coueron-st-symphorien.fr\/index.php?rest_route=\/wp\/v2\/posts"}],"about":[{"href":"https:\/\/coueron-st-symphorien.fr\/index.php?rest_route=\/wp\/v2\/types\/post"}],"author":[{"embeddable":true,"href":"https:\/\/coueron-st-symphorien.fr\/index.php?rest_route=\/wp\/v2\/users\/14"}],"replies":[{"embeddable":true,"href":"https:\/\/coueron-st-symphorien.fr\/index.php?rest_route=%2Fwp%2Fv2%2Fcomments&post=13824"}],"version-history":[{"count":1,"href":"https:\/\/coueron-st-symphorien.fr\/index.php?rest_route=\/wp\/v2\/posts\/13824\/revisions"}],"predecessor-version":[{"id":13825,"href":"https:\/\/coueron-st-symphorien.fr\/index.php?rest_route=\/wp\/v2\/posts\/13824\/revisions\/13825"}],"wp:attachment":[{"href":"https:\/\/coueron-st-symphorien.fr\/index.php?rest_route=%2Fwp%2Fv2%2Fmedia&parent=13824"}],"wp:term":[{"taxonomy":"category","embeddable":true,"href":"https:\/\/coueron-st-symphorien.fr\/index.php?rest_route=%2Fwp%2Fv2%2Fcategories&post=13824"},{"taxonomy":"post_tag","embeddable":true,"href":"https:\/\/coueron-st-symphorien.fr\/index.php?rest_route=%2Fwp%2Fv2%2Ftags&post=13824"}],"curies":[{"name":"wp","href":"https:\/\/api.w.org\/{rel}","templated":true}]}}