{"id":13353,"date":"2018-09-19T16:24:14","date_gmt":"2018-09-19T15:24:14","guid":{"rendered":"https:\/\/coueron-st-symphorien.fr\/?p=13353"},"modified":"2018-09-19T18:34:19","modified_gmt":"2018-09-19T17:34:19","slug":"la-fete-de-la-rentree","status":"publish","type":"post","link":"https:\/\/coueron-st-symphorien.fr\/?p=13353","title":{"rendered":"La f\u00eate de la rentr\u00e9e!"},"content":{"rendered":"<p>Vendredi 14 septembre, tous les \u00e9l\u00e8ves de l&rsquo;\u00e9cole maternelle se sont retrouv\u00e9s sous le pr\u00e9au pour se dire bonjour.&nbsp;<\/p>\n<p>Les nouveaux \u00e9l\u00e8ves&nbsp; se sont pr\u00e9sent\u00e9s. Chaque classe avait apport\u00e9 un panneau sur lequel sont coll\u00e9es les photos des enfants et des adultes. Nous avons chant\u00e9 et nous nous sommes r\u00e9unis avec la classe \u00ab\u00a0ange-gardien\u00a0\u00bb: C\u00e9cile et Delphine, Maryse et Ga\u00ebtane.<\/p>\n<p>Chaque \u00e9l\u00e8ve a rencontr\u00e9 son ange-gardien et a d\u00e9cor\u00e9 le marque-page qui ira dans le cahier de vie. Ils ont fini la matin\u00e9e en allant en r\u00e9cr\u00e9ation ensemble!<\/p>\nngg_shortcode_0_placeholder\n","protected":false},"excerpt":{"rendered":"<p>Vendredi 14 septembre, tous les \u00e9l\u00e8ves de l&rsquo;\u00e9cole maternelle se sont retrouv\u00e9s sous le pr\u00e9au pour se dire bonjour.&nbsp; Les nouveaux \u00e9l\u00e8ves&nbsp; se sont pr\u00e9sent\u00e9s. Chaque classe avait apport\u00e9 un panneau sur lequel sont coll\u00e9es les photos des enfants et des adultes. Nous avons chant\u00e9 et nous nous sommes r\u00e9unis avec la classe \u00ab\u00a0ange-gardien\u00a0\u00bb: C\u00e9cile<\/p>\n<p><a href=\"https:\/\/coueron-st-symphorien.fr\/?p=13353\" class=\"more-link themebutton\">Lire la suite<\/a><\/p>\n","protected":false},"author":3,"featured_media":0,"comment_status":"closed","ping_status":"closed","sticky":false,"template":"","format":"standard","meta":{"ngg_post_thumbnail":0,"footnotes":""},"categories":[42,14,12],"tags":[],"_links":{"self":[{"href":"https:\/\/coueron-st-symphorien.fr\/index.php?rest_route=\/wp\/v2\/posts\/13353"}],"collection":[{"href":"https:\/\/coueron-st-symphorien.fr\/index.php?rest_route=\/wp\/v2\/posts"}],"about":[{"href":"https:\/\/coueron-st-symphorien.fr\/index.php?rest_route=\/wp\/v2\/types\/post"}],"author":[{"embeddable":true,"href":"https:\/\/coueron-st-symphorien.fr\/index.php?rest_route=\/wp\/v2\/users\/3"}],"replies":[{"embeddable":true,"href":"https:\/\/coueron-st-symphorien.fr\/index.php?rest_route=%2Fwp%2Fv2%2Fcomments&post=13353"}],"version-history":[{"count":2,"href":"https:\/\/coueron-st-symphorien.fr\/index.php?rest_route=\/wp\/v2\/posts\/13353\/revisions"}],"predecessor-version":[{"id":13417,"href":"https:\/\/coueron-st-symphorien.fr\/index.php?rest_route=\/wp\/v2\/posts\/13353\/revisions\/13417"}],"wp:attachment":[{"href":"https:\/\/coueron-st-symphorien.fr\/index.php?rest_route=%2Fwp%2Fv2%2Fmedia&parent=13353"}],"wp:term":[{"taxonomy":"category","embeddable":true,"href":"https:\/\/coueron-st-symphorien.fr\/index.php?rest_route=%2Fwp%2Fv2%2Fcategories&post=13353"},{"taxonomy":"post_tag","embeddable":true,"href":"https:\/\/coueron-st-symphorien.fr\/index.php?rest_route=%2Fwp%2Fv2%2Ftags&post=13353"}],"curies":[{"name":"wp","href":"https:\/\/api.w.org\/{rel}","templated":true}]}}