{"id":11335,"date":"2018-04-22T15:36:00","date_gmt":"2018-04-22T14:36:00","guid":{"rendered":"https:\/\/coueron-st-symphorien.fr\/?p=11335"},"modified":"2018-04-22T15:37:45","modified_gmt":"2018-04-22T14:37:45","slug":"visite-au-frac-3","status":"publish","type":"post","link":"https:\/\/coueron-st-symphorien.fr\/?p=11335","title":{"rendered":"Visite au FRAC"},"content":{"rendered":"<p>Les \u00e9l\u00e8ves sont all\u00e9s \u00e0 la rencontre des oeuvres d&rsquo;Eva Taulois au Frac des Pays de la Loire \u00e0 Carquefou. Cette artiste&nbsp;propose une exposition o\u00f9 objets et couleurs se m\u00ealent pour inviter le visiteur \u00e0 un cheminement fluctuant entre peinture et sculpture.<\/p>\n<p>Ils ont aussi visit\u00e9 l&rsquo;exposition DECOR. Gr\u00e2ce aux installations&nbsp; de Martin Boyce , \u00e0 l&rsquo;oeuvre&nbsp;<em>Deux carr\u00e9s<\/em>&nbsp;de Morellet, les tapisseries ench\u00e2ss\u00e9es de B\u00e9atrice Dacher ou les linogravures de Georg Baselitz, plusieurs facettes de la peinture ont \u00e9t\u00e9 pr\u00e9sent\u00e9es aux \u00e9l\u00e8ves.<\/p>\nngg_shortcode_0_placeholder\n","protected":false},"excerpt":{"rendered":"<p>Les \u00e9l\u00e8ves sont all\u00e9s \u00e0 la rencontre des oeuvres d&rsquo;Eva Taulois au Frac des Pays de la Loire \u00e0 Carquefou. Cette artiste&nbsp;propose une exposition o\u00f9 objets et couleurs se m\u00ealent pour inviter le visiteur \u00e0 un cheminement fluctuant entre peinture et sculpture. Ils ont aussi visit\u00e9 l&rsquo;exposition DECOR. Gr\u00e2ce aux installations&nbsp; de Martin Boyce ,<\/p>\n<p><a href=\"https:\/\/coueron-st-symphorien.fr\/?p=11335\" class=\"more-link themebutton\">Lire la suite<\/a><\/p>\n","protected":false},"author":5,"featured_media":0,"comment_status":"closed","ping_status":"closed","sticky":false,"template":"","format":"standard","meta":{"ngg_post_thumbnail":0,"footnotes":""},"categories":[19,20],"tags":[],"_links":{"self":[{"href":"https:\/\/coueron-st-symphorien.fr\/index.php?rest_route=\/wp\/v2\/posts\/11335"}],"collection":[{"href":"https:\/\/coueron-st-symphorien.fr\/index.php?rest_route=\/wp\/v2\/posts"}],"about":[{"href":"https:\/\/coueron-st-symphorien.fr\/index.php?rest_route=\/wp\/v2\/types\/post"}],"author":[{"embeddable":true,"href":"https:\/\/coueron-st-symphorien.fr\/index.php?rest_route=\/wp\/v2\/users\/5"}],"replies":[{"embeddable":true,"href":"https:\/\/coueron-st-symphorien.fr\/index.php?rest_route=%2Fwp%2Fv2%2Fcomments&post=11335"}],"version-history":[{"count":3,"href":"https:\/\/coueron-st-symphorien.fr\/index.php?rest_route=\/wp\/v2\/posts\/11335\/revisions"}],"predecessor-version":[{"id":11338,"href":"https:\/\/coueron-st-symphorien.fr\/index.php?rest_route=\/wp\/v2\/posts\/11335\/revisions\/11338"}],"wp:attachment":[{"href":"https:\/\/coueron-st-symphorien.fr\/index.php?rest_route=%2Fwp%2Fv2%2Fmedia&parent=11335"}],"wp:term":[{"taxonomy":"category","embeddable":true,"href":"https:\/\/coueron-st-symphorien.fr\/index.php?rest_route=%2Fwp%2Fv2%2Fcategories&post=11335"},{"taxonomy":"post_tag","embeddable":true,"href":"https:\/\/coueron-st-symphorien.fr\/index.php?rest_route=%2Fwp%2Fv2%2Ftags&post=11335"}],"curies":[{"name":"wp","href":"https:\/\/api.w.org\/{rel}","templated":true}]}}