{"id":10903,"date":"2018-04-18T18:05:54","date_gmt":"2018-04-18T17:05:54","guid":{"rendered":"https:\/\/coueron-st-symphorien.fr\/?p=10903"},"modified":"2018-04-18T18:05:54","modified_gmt":"2018-04-18T17:05:54","slug":"visite-au-frac-2","status":"publish","type":"post","link":"https:\/\/coueron-st-symphorien.fr\/?p=10903","title":{"rendered":"VISITE AU FRAC"},"content":{"rendered":"<p>Nos \u00e9l\u00e8ves ont b\u00e9n\u00e9ficiez d&rsquo;une rencontre artistique avec les \u0153uvres, de l&rsquo;artiste Eva Taulois, au FRAC de Carquefou. Une exposition&nbsp; dont&nbsp; le dispositif propose des objets et de la couleur entre sculpture et peinture. Des sculptures mis en sc\u00e8ne comme au th\u00e9\u00e2tre, au cirque&#8230;&#8230;..<\/p>\n<p>Cette exposition est visible du 22 f\u00e9vrier au 27 mai 2018.<\/p>\n<p>Le b\u00e2timent du FRAC est entour\u00e9 d&rsquo;une grande prairie avec des arbres pour y faire un \u00ab\u00a0d\u00e9jeuner sur l&rsquo;herbe\u00a0\u00bb en famille, un dimanche de beau temps.<\/p>\nngg_shortcode_0_placeholder\n","protected":false},"excerpt":{"rendered":"<p>Nos \u00e9l\u00e8ves ont b\u00e9n\u00e9ficiez d&rsquo;une rencontre artistique avec les \u0153uvres, de l&rsquo;artiste Eva Taulois, au FRAC de Carquefou. Une exposition&nbsp; dont&nbsp; le dispositif propose des objets et de la couleur entre sculpture et peinture. Des sculptures mis en sc\u00e8ne comme au th\u00e9\u00e2tre, au cirque&#8230;&#8230;.. Cette exposition est visible du 22 f\u00e9vrier au 27 mai 2018.<\/p>\n<p><a href=\"https:\/\/coueron-st-symphorien.fr\/?p=10903\" class=\"more-link themebutton\">Lire la suite<\/a><\/p>\n","protected":false},"author":3,"featured_media":0,"comment_status":"closed","ping_status":"closed","sticky":false,"template":"","format":"standard","meta":{"ngg_post_thumbnail":0,"footnotes":""},"categories":[16,15,5,1],"tags":[],"_links":{"self":[{"href":"https:\/\/coueron-st-symphorien.fr\/index.php?rest_route=\/wp\/v2\/posts\/10903"}],"collection":[{"href":"https:\/\/coueron-st-symphorien.fr\/index.php?rest_route=\/wp\/v2\/posts"}],"about":[{"href":"https:\/\/coueron-st-symphorien.fr\/index.php?rest_route=\/wp\/v2\/types\/post"}],"author":[{"embeddable":true,"href":"https:\/\/coueron-st-symphorien.fr\/index.php?rest_route=\/wp\/v2\/users\/3"}],"replies":[{"embeddable":true,"href":"https:\/\/coueron-st-symphorien.fr\/index.php?rest_route=%2Fwp%2Fv2%2Fcomments&post=10903"}],"version-history":[{"count":3,"href":"https:\/\/coueron-st-symphorien.fr\/index.php?rest_route=\/wp\/v2\/posts\/10903\/revisions"}],"predecessor-version":[{"id":10910,"href":"https:\/\/coueron-st-symphorien.fr\/index.php?rest_route=\/wp\/v2\/posts\/10903\/revisions\/10910"}],"wp:attachment":[{"href":"https:\/\/coueron-st-symphorien.fr\/index.php?rest_route=%2Fwp%2Fv2%2Fmedia&parent=10903"}],"wp:term":[{"taxonomy":"category","embeddable":true,"href":"https:\/\/coueron-st-symphorien.fr\/index.php?rest_route=%2Fwp%2Fv2%2Fcategories&post=10903"},{"taxonomy":"post_tag","embeddable":true,"href":"https:\/\/coueron-st-symphorien.fr\/index.php?rest_route=%2Fwp%2Fv2%2Ftags&post=10903"}],"curies":[{"name":"wp","href":"https:\/\/api.w.org\/{rel}","templated":true}]}}